{"id":5399,"date":"2024-12-06T21:16:16","date_gmt":"2024-12-06T21:16:16","guid":{"rendered":"https:\/\/politicapatagonica.com\/?p=5399"},"modified":"2024-12-06T21:16:31","modified_gmt":"2024-12-06T21:16:31","slug":"cortan-calles-por-la-inauguracion-de-la-doble-via-en-pico","status":"publish","type":"post","link":"https:\/\/politicapatagonica.com\/index.php\/2024\/12\/06\/cortan-calles-por-la-inauguracion-de-la-doble-via-en-pico\/","title":{"rendered":"Cortan calles por la inauguraci\u00f3n de la Doble V\u00eda en Pico"},"content":{"rendered":"\n<p><strong>La Municipalidad de General Pico llevar\u00e1 a cabo este viernes 6 de diciembre, a las 19 horas, la tan esperada inauguraci\u00f3n de la obra correspondiente a la Doble V\u00eda de la Ruta Provincial 1. Luego se concretar\u00e1 una carrera que reunir\u00e1 a runners de la ciudad y de la zona.<\/strong><\/p>\n\n\n\n<p>Para el desarrollo de estas actividades se producir\u00e1n cortes de calles con la colaboraci\u00f3n de la Polic\u00eda de La Pampa, Bomberos Voluntarios y el trabajo de inspectores municipales que brindar\u00e1n informaci\u00f3n al respecto.<\/p>\n\n\n\n<p><strong>De 17 a 23 horas, el cese a la circulaci\u00f3n vehicular se realizar\u00e1 en las siguientes arterias: 2 y Ruta Provincial N\u00b0 1, 102 y 39 bis, 104 y 39, 108 y 35, 108 y 33 Sur, 108 y 33 Oeste, 33 y Ruta Provincial N\u00b0 1, 108 y 31, 31 y Ruta Provincial N\u00b0 1, 266 y 201, 258 bis y 203, 254 y 203, 258 y 203, 258 y 217, 240 y Ruta Provincial N\u00b0 1, 236 y 217, 222 y 217.<\/strong><\/p>\n\n\n\n<p>Por ende, tambi\u00e9n se ver\u00e1 interrumpido el tr\u00e1nsito en la<strong> Rotonda de El Aeroplano y en el tramo del camino hacia el Aeropuerto y el paso a nivel lindante.<\/strong><\/p>\n\n\n\n<p><strong>Fuente: www.eldiariodelapampa.com.ar<\/strong><\/p>\n","protected":false},"excerpt":{"rendered":"<p>La Municipalidad de General Pico llevar\u00e1 a cabo este viernes 6 de diciembre, a las 19 horas, la tan esperada inauguraci\u00f3n de la obra correspondiente a la Doble V\u00eda de la Ruta Provincial 1. Luego se concretar\u00e1 una carrera que reunir\u00e1 a runners de la ciudad y de la zona. Para el desarrollo de estas [&hellip;]<\/p>\n","protected":false},"author":5,"featured_media":5400,"comment_status":"open","ping_status":"open","sticky":false,"template":"","format":"standard","meta":[],"categories":[10],"tags":[],"_links":{"self":[{"href":"https:\/\/politicapatagonica.com\/index.php\/wp-json\/wp\/v2\/posts\/5399"}],"collection":[{"href":"https:\/\/politicapatagonica.com\/index.php\/wp-json\/wp\/v2\/posts"}],"about":[{"href":"https:\/\/politicapatagonica.com\/index.php\/wp-json\/wp\/v2\/types\/post"}],"author":[{"embeddable":true,"href":"https:\/\/politicapatagonica.com\/index.php\/wp-json\/wp\/v2\/users\/5"}],"replies":[{"embeddable":true,"href":"https:\/\/politicapatagonica.com\/index.php\/wp-json\/wp\/v2\/comments?post=5399"}],"version-history":[{"count":2,"href":"https:\/\/politicapatagonica.com\/index.php\/wp-json\/wp\/v2\/posts\/5399\/revisions"}],"predecessor-version":[{"id":5402,"href":"https:\/\/politicapatagonica.com\/index.php\/wp-json\/wp\/v2\/posts\/5399\/revisions\/5402"}],"wp:featuredmedia":[{"embeddable":true,"href":"https:\/\/politicapatagonica.com\/index.php\/wp-json\/wp\/v2\/media\/5400"}],"wp:attachment":[{"href":"https:\/\/politicapatagonica.com\/index.php\/wp-json\/wp\/v2\/media?parent=5399"}],"wp:term":[{"taxonomy":"category","embeddable":true,"href":"https:\/\/politicapatagonica.com\/index.php\/wp-json\/wp\/v2\/categories?post=5399"},{"taxonomy":"post_tag","embeddable":true,"href":"https:\/\/politicapatagonica.com\/index.php\/wp-json\/wp\/v2\/tags?post=5399"}],"curies":[{"name":"wp","href":"https:\/\/api.w.org\/{rel}","templated":true}]}}