{"id":5395,"date":"2024-12-05T23:43:07","date_gmt":"2024-12-05T23:43:07","guid":{"rendered":"https:\/\/politicapatagonica.com\/?p=5395"},"modified":"2024-12-09T13:49:18","modified_gmt":"2024-12-09T13:49:18","slug":"el-radicalismo-de-rio-negro-sumo-su-respaldo-al-proyecto-de-ficha-limpia","status":"publish","type":"post","link":"https:\/\/politicapatagonica.com\/index.php\/2024\/12\/05\/el-radicalismo-de-rio-negro-sumo-su-respaldo-al-proyecto-de-ficha-limpia\/","title":{"rendered":"El radicalismo de R\u00edo Negro sum\u00f3 su respaldo al proyecto de Ficha Limpia"},"content":{"rendered":"\n<p>Los legisladores de la UCR R\u00edo Negro, Lorena Matzen y Ariel Bernatene, manifestaron su satisfacci\u00f3n por la <strong>iniciativa del gobernador Alberto Weretilneck de elevar a la Legislatura un proyecto para modificar el C\u00f3digo Electoral promoviendo la instauraci\u00f3n de la Ficha Limpia.<\/strong><\/p>\n\n\n\n<p>\u201cDesde que asumimos, pusimos en agenda y como prioridad Ficha Limpia.<strong> Desde el 2019 que el radicalismo de R\u00edo Negro se propuso avanzar en proyectos que impidiesen que personas condenadas por delitos de corrupci\u00f3n o delitos dolosos pudieran acceder a cargos p\u00fablicos.<\/strong> Nuestro bloque ha presentado un proyecto en tal sentido, lo impuls\u00f3 tambi\u00e9n nuestro partido a nivel nacional. Es una buena noticia que ahora Juntos Somos R\u00edo Negro ponga en marcha la discusi\u00f3n necesaria. Lleg\u00f3 el momento de debatir Ficha Limpia y es una enorme alegr\u00eda\u201d, afirm\u00f3 Lorena Matzen.<\/p>\n\n\n\n<p>Por su parte, <strong>Ariel Bernatene remarc\u00f3 la importancia de esta iniciativa. \u201cEstuvimos y estamos convencidos de que este es el camino para ofrecer transparencia a la gesti\u00f3n p\u00fablica y terminar con la corrupci\u00f3n pol\u00edtica que tanto se nos reclama. Ficha Limpia es el producto de un reclamo de la ciudadan\u00eda en todo el pa\u00eds. Por eso es muy bueno que se le comience a dar tratamiento en nuestra provincia\u201d,<\/strong> expres\u00f3.<\/p>\n\n\n\n<p><strong>Matzen<\/strong> agreg\u00f3 que \u201ceste proyecto va a mejorar la pol\u00edtica porque los <strong>vecinos y vecinas exigen representantes y funcionarios honestos, con una \u00e9tica intachable. <\/strong>Nuestro bloque est\u00e1 dispuesto a trabajar sobre la propuesta del Ejecutivo, para lograr que solo necesite de una vuelta para convertirse en ley\u201d. Por \u00faltimo, los legisladores se\u00f1alaron que \u201c<strong>debemos redactar el mejor proyecto posible, porque ser\u00e1 el resultado de una lucha y un debate que llevamos esperando much\u00edsimo tiempo\u201d.<\/strong><\/p>\n\n\n\n<p><strong>Fuente: www.adnrionegro.com.ar<\/strong><\/p>\n","protected":false},"excerpt":{"rendered":"<p>Los legisladores de la UCR R\u00edo Negro, Lorena Matzen y Ariel Bernatene, manifestaron su satisfacci\u00f3n por la iniciativa del gobernador Alberto Weretilneck de elevar a la Legislatura un proyecto para modificar el C\u00f3digo Electoral promoviendo la instauraci\u00f3n de la Ficha Limpia. \u201cDesde que asumimos, pusimos en agenda y como prioridad Ficha Limpia. Desde el 2019 [&hellip;]<\/p>\n","protected":false},"author":5,"featured_media":5396,"comment_status":"open","ping_status":"open","sticky":false,"template":"","format":"standard","meta":[],"categories":[13],"tags":[],"_links":{"self":[{"href":"https:\/\/politicapatagonica.com\/index.php\/wp-json\/wp\/v2\/posts\/5395"}],"collection":[{"href":"https:\/\/politicapatagonica.com\/index.php\/wp-json\/wp\/v2\/posts"}],"about":[{"href":"https:\/\/politicapatagonica.com\/index.php\/wp-json\/wp\/v2\/types\/post"}],"author":[{"embeddable":true,"href":"https:\/\/politicapatagonica.com\/index.php\/wp-json\/wp\/v2\/users\/5"}],"replies":[{"embeddable":true,"href":"https:\/\/politicapatagonica.com\/index.php\/wp-json\/wp\/v2\/comments?post=5395"}],"version-history":[{"count":2,"href":"https:\/\/politicapatagonica.com\/index.php\/wp-json\/wp\/v2\/posts\/5395\/revisions"}],"predecessor-version":[{"id":5409,"href":"https:\/\/politicapatagonica.com\/index.php\/wp-json\/wp\/v2\/posts\/5395\/revisions\/5409"}],"wp:featuredmedia":[{"embeddable":true,"href":"https:\/\/politicapatagonica.com\/index.php\/wp-json\/wp\/v2\/media\/5396"}],"wp:attachment":[{"href":"https:\/\/politicapatagonica.com\/index.php\/wp-json\/wp\/v2\/media?parent=5395"}],"wp:term":[{"taxonomy":"category","embeddable":true,"href":"https:\/\/politicapatagonica.com\/index.php\/wp-json\/wp\/v2\/categories?post=5395"},{"taxonomy":"post_tag","embeddable":true,"href":"https:\/\/politicapatagonica.com\/index.php\/wp-json\/wp\/v2\/tags?post=5395"}],"curies":[{"name":"wp","href":"https:\/\/api.w.org\/{rel}","templated":true}]}}