{"id":5392,"date":"2024-12-05T23:36:58","date_gmt":"2024-12-05T23:36:58","guid":{"rendered":"https:\/\/politicapatagonica.com\/?p=5392"},"modified":"2024-12-09T13:46:19","modified_gmt":"2024-12-09T13:46:19","slug":"el-ministro-de-economia-de-tierra-del-fuego-destaco-los-incrementos-salariales-dados-al-sector-docente","status":"publish","type":"post","link":"https:\/\/politicapatagonica.com\/index.php\/2024\/12\/05\/el-ministro-de-economia-de-tierra-del-fuego-destaco-los-incrementos-salariales-dados-al-sector-docente\/","title":{"rendered":"El ministro de Econom\u00eda de Tierra del Fuego destac\u00f3 los incrementos salariales dados al sector docente"},"content":{"rendered":"\n<p>Desde el gobierno provincial lamentaron las medidas de fuerza que lleva adelante el Sindicato Unificado de Trabajadores de la Educaci\u00f3n Fueguina. En este contexto, el ministro de Econom\u00eda, <strong>Francisco Devita hizo un balance de la situaci\u00f3n salarial de los docentes de Tierra del Fuego.<\/strong><\/p>\n\n\n\n<p>\u201cA m\u00ed me da tristeza porque le pusimos todo.<strong> Hicimos un trabajo muy fuerte. Fue el gremio que logr\u00f3 el mayor incremento salarial. Un 270 por ciento de incremento en todo el a\u00f1o. Es la mejor paritaria docente de todo el&nbsp; pa\u00eds. No hay otra paritaria que sea similar. Queda como segundo mejor salario del pa\u00eds<\/strong>. Me da l\u00e1stima que no se logre comprender la situaci\u00f3n que atravesamos y que le pusimos todo de nuestra parte para poder llegar a los mejores acuerdos posibles\u201d, manifest\u00f3 en primer lugar.<\/p>\n\n\n\n<p>El funcionario remarc\u00f3 que <strong>las propuestas realizadas por el gobierno en los \u00faltimos meses super\u00f3 la inflaci\u00f3n.<\/strong> \u201cEntiendo que por ah\u00ed no sea suficiente para ellos pero es lo mejor que podemos ofrecer\u201d, expuso y record\u00f3 que un maestro con cargo simple, sin ning\u00fan tipo de experiencia, pas\u00f3 de ganar 250 mil pesos a percibir m\u00e1s de 900 mil.<\/p>\n\n\n\n<p>\u201cHemos hecho un trabajo enorme.<strong> Entiendo la realidad de la gente pero para nosotros el disparador son los recursos que tenemos y no me voy a comprometer a dar un mayor incremento salarial si no lo voy a poder pagar\u201d,<\/strong> sostuvo.<\/p>\n\n\n\n<p>Devita explic\u00f3 que <strong>el gobierno&nbsp; no s\u00f3lo tiene que asumir los salarios docentes sino tambi\u00e9n los salarios de los m\u00e9dicos y de los enfermeros en los hospitales, de los polic\u00edas, del servicio penitenciario y de toda la administraci\u00f3n, adem\u00e1s de ayudar a la econom\u00eda en general que tiene que ver con el sector privado. En este sentido mencion\u00f3 que se han volcado m\u00e1s de 2.500 millones de pesos para cr\u00e9ditos flexibles, a tasa fija, en pos de acompa\u00f1ar a los comercios.<\/strong><\/p>\n\n\n\n<p>\u201cHicimos el mayor esfuerzo posible. El 50 por ciento de nuestra masa salarial es para el sector docente No me parece bien que la respuesta sean desobligaciones\u201d, cerr\u00f3.<\/p>\n\n\n\n<p><strong>Fuente: www.eldiariodelfindelmundo.com<\/strong><\/p>\n","protected":false},"excerpt":{"rendered":"<p>Desde el gobierno provincial lamentaron las medidas de fuerza que lleva adelante el Sindicato Unificado de Trabajadores de la Educaci\u00f3n Fueguina. En este contexto, el ministro de Econom\u00eda, Francisco Devita hizo un balance de la situaci\u00f3n salarial de los docentes de Tierra del Fuego. \u201cA m\u00ed me da tristeza porque le pusimos todo. Hicimos un [&hellip;]<\/p>\n","protected":false},"author":5,"featured_media":5393,"comment_status":"open","ping_status":"open","sticky":false,"template":"","format":"standard","meta":[],"categories":[11],"tags":[],"_links":{"self":[{"href":"https:\/\/politicapatagonica.com\/index.php\/wp-json\/wp\/v2\/posts\/5392"}],"collection":[{"href":"https:\/\/politicapatagonica.com\/index.php\/wp-json\/wp\/v2\/posts"}],"about":[{"href":"https:\/\/politicapatagonica.com\/index.php\/wp-json\/wp\/v2\/types\/post"}],"author":[{"embeddable":true,"href":"https:\/\/politicapatagonica.com\/index.php\/wp-json\/wp\/v2\/users\/5"}],"replies":[{"embeddable":true,"href":"https:\/\/politicapatagonica.com\/index.php\/wp-json\/wp\/v2\/comments?post=5392"}],"version-history":[{"count":2,"href":"https:\/\/politicapatagonica.com\/index.php\/wp-json\/wp\/v2\/posts\/5392\/revisions"}],"predecessor-version":[{"id":5407,"href":"https:\/\/politicapatagonica.com\/index.php\/wp-json\/wp\/v2\/posts\/5392\/revisions\/5407"}],"wp:featuredmedia":[{"embeddable":true,"href":"https:\/\/politicapatagonica.com\/index.php\/wp-json\/wp\/v2\/media\/5393"}],"wp:attachment":[{"href":"https:\/\/politicapatagonica.com\/index.php\/wp-json\/wp\/v2\/media?parent=5392"}],"wp:term":[{"taxonomy":"category","embeddable":true,"href":"https:\/\/politicapatagonica.com\/index.php\/wp-json\/wp\/v2\/categories?post=5392"},{"taxonomy":"post_tag","embeddable":true,"href":"https:\/\/politicapatagonica.com\/index.php\/wp-json\/wp\/v2\/tags?post=5392"}],"curies":[{"name":"wp","href":"https:\/\/api.w.org\/{rel}","templated":true}]}}