{"id":5382,"date":"2024-12-04T21:44:56","date_gmt":"2024-12-04T21:44:56","guid":{"rendered":"https:\/\/politicapatagonica.com\/?p=5382"},"modified":"2024-12-05T09:25:06","modified_gmt":"2024-12-05T09:25:06","slug":"trelew-firmo-con-mendoza-un-convenio-de-promocion-del-desarrollo-turistico-cientifico","status":"publish","type":"post","link":"https:\/\/politicapatagonica.com\/index.php\/2024\/12\/04\/trelew-firmo-con-mendoza-un-convenio-de-promocion-del-desarrollo-turistico-cientifico\/","title":{"rendered":"Trelew firm\u00f3 con Mendoza un convenio de promoci\u00f3n del desarrollo tur\u00edstico-cient\u00edfico"},"content":{"rendered":"\n<p>Constituida como motor de crecimiento regional,<strong> la actividad tur\u00edstica en Trelew consolida, progresivamente, su amplitud interesada a partir de la genuina explotaci\u00f3n de sus recursos. <\/strong>Bajo esa referencia, el Municipio local convino este mi\u00e9rcoles <strong>con la Municipalidad de Mendoza estrategias de cooperaci\u00f3n y asistencia t\u00e9cnica para la promoci\u00f3n del turismo<\/strong>.&nbsp;<\/p>\n\n\n\n<p><strong>El intendente Gerardo Merino sell\u00f3 el convenio con el municipio mendocino, representado en esta oportunidad por su director de Turismo, Felipe Rinaldo.&nbsp;<\/strong><\/p>\n\n\n\n<p>La r\u00fabrica tiende a promover y regular el desarrollo tur\u00edstico de ambas ciudades,<strong> articulando la participaci\u00f3n de actores p\u00fablicos y privados, utilizando los recursos disponibles para la generaci\u00f3n de nuevas alternativas sustentables, con el fin de optimizar la calidad de los servicios brindados al turista e incrementar su afluencia, asegurando la vigencia de las localidades intervinientes como destino tur\u00edstico de excelencia, posicionando distintos recursos.<\/strong><\/p>\n\n\n\n<p>El documento condiciona a ambas instituciones de gobierno a potenciar las relaciones pensadas para potenciar, dinamizar y promocionar los atractivos tur\u00edsticos de ambas urbes. <strong>Tambi\u00e9n establece que los municipios alcanzados en el acuerdo se comprometen a constituir un \u00e1mbito intermunicipal para llevar a cabo actividades de cooperaci\u00f3n, asistencia rec\u00edproca, complementaci\u00f3n e intercambio institucional, social y cultural.<\/strong><\/p>\n\n\n\n<p>Obliga a las municipalidades firmantes a<strong> brindarse mutua colaboraci\u00f3n, cooperaci\u00f3n, asistencia t\u00e9cnica y cient\u00edfica en temas de inter\u00e9s com\u00fan que involucren experiencias, formaci\u00f3n de recursos humanos, intercambio y buenas pr\u00e1cticas, entre ellas, sistema de inteligencia tur\u00edstica, mesas de trabajo en materia de regulaci\u00f3n tur\u00edstica, la transferencia de gesti\u00f3n en turismo sostenible y planificar la promoci\u00f3n tur\u00edstica.&nbsp;<\/strong><\/p>\n\n\n\n<p>Todo ello ser\u00eda conveniente a trav\u00e9s de proyectos, programas, eventos, actividades culturales, conferencias, consultor\u00edas, investigaciones, academias y vinculaci\u00f3n tecnol\u00f3gica. Adem\u00e1s de &nbsp;cooperaci\u00f3n cient\u00edfica, t\u00e9cnica y asesoramiento.<\/p>\n\n\n\n<p>Los municipios, en otros de los apartados, <strong>convinieron capacitaci\u00f3n y perfeccionamiento del personal<\/strong>, fortalecer y difundir distintas actividades, programas de desarrollo sociocultural, econ\u00f3micos, y dem\u00e1s.<\/p>\n\n\n\n<p><strong>Fuente: www.elchubut.com.ar<\/strong><\/p>\n","protected":false},"excerpt":{"rendered":"<p>Constituida como motor de crecimiento regional, la actividad tur\u00edstica en Trelew consolida, progresivamente, su amplitud interesada a partir de la genuina explotaci\u00f3n de sus recursos. Bajo esa referencia, el Municipio local convino este mi\u00e9rcoles con la Municipalidad de Mendoza estrategias de cooperaci\u00f3n y asistencia t\u00e9cnica para la promoci\u00f3n del turismo.&nbsp; El intendente Gerardo Merino sell\u00f3 [&hellip;]<\/p>\n","protected":false},"author":5,"featured_media":5383,"comment_status":"open","ping_status":"open","sticky":false,"template":"","format":"standard","meta":[],"categories":[14],"tags":[],"_links":{"self":[{"href":"https:\/\/politicapatagonica.com\/index.php\/wp-json\/wp\/v2\/posts\/5382"}],"collection":[{"href":"https:\/\/politicapatagonica.com\/index.php\/wp-json\/wp\/v2\/posts"}],"about":[{"href":"https:\/\/politicapatagonica.com\/index.php\/wp-json\/wp\/v2\/types\/post"}],"author":[{"embeddable":true,"href":"https:\/\/politicapatagonica.com\/index.php\/wp-json\/wp\/v2\/users\/5"}],"replies":[{"embeddable":true,"href":"https:\/\/politicapatagonica.com\/index.php\/wp-json\/wp\/v2\/comments?post=5382"}],"version-history":[{"count":2,"href":"https:\/\/politicapatagonica.com\/index.php\/wp-json\/wp\/v2\/posts\/5382\/revisions"}],"predecessor-version":[{"id":5389,"href":"https:\/\/politicapatagonica.com\/index.php\/wp-json\/wp\/v2\/posts\/5382\/revisions\/5389"}],"wp:featuredmedia":[{"embeddable":true,"href":"https:\/\/politicapatagonica.com\/index.php\/wp-json\/wp\/v2\/media\/5383"}],"wp:attachment":[{"href":"https:\/\/politicapatagonica.com\/index.php\/wp-json\/wp\/v2\/media?parent=5382"}],"wp:term":[{"taxonomy":"category","embeddable":true,"href":"https:\/\/politicapatagonica.com\/index.php\/wp-json\/wp\/v2\/categories?post=5382"},{"taxonomy":"post_tag","embeddable":true,"href":"https:\/\/politicapatagonica.com\/index.php\/wp-json\/wp\/v2\/tags?post=5382"}],"curies":[{"name":"wp","href":"https:\/\/api.w.org\/{rel}","templated":true}]}}