{"id":5379,"date":"2024-12-04T00:00:11","date_gmt":"2024-12-04T00:00:11","guid":{"rendered":"https:\/\/politicapatagonica.com\/?p=5379"},"modified":"2024-12-04T00:00:12","modified_gmt":"2024-12-04T00:00:12","slug":"la-pampa-una-de-las-provincias-mas-perjudicadas-en-el-reparto-de-obra-publica","status":"publish","type":"post","link":"https:\/\/politicapatagonica.com\/index.php\/2024\/12\/04\/la-pampa-una-de-las-provincias-mas-perjudicadas-en-el-reparto-de-obra-publica\/","title":{"rendered":"La Pampa, una de las provincias m\u00e1s perjudicadas en el reparto de obra p\u00fablica"},"content":{"rendered":"\n<p>A la espera de la convocatoria a sesiones extraordinarias por parte del Gobierno, con un temario definido \u00fanicamente por Javier Milei, <strong>los referentes opositores en el Congreso y los mandatarios provinciales coinciden a esta altura en bajar al m\u00ednimo la expectativa de que el Presupuesto 2025 forme parte del debate legislativo de este verano.<\/strong><\/p>\n\n\n\n<p><strong>Con una nueva pr\u00f3rroga de la ley sancionada en 2022, la Casa Rosada manejar\u00e1 los recursos con mayor discrecionalidad y aceitar\u00e1 los v\u00ednculos en funci\u00f3n de acuerdos por separado con cada gobernador.<\/strong><\/p>\n\n\n\n<p><strong>&#8220;Quieren el Presupuesto de ellos o nada, y al no haber obra p\u00fablica ya no cambia tanto que otra vez no se apruebe&#8221;, <\/strong>admiti\u00f3, casi con resignaci\u00f3n, uno de los gobernadores peronistas con buen v\u00ednculo con la Casa Rosada, en plena negociaci\u00f3n para compensar deudas con bienes a partir del R\u00e9gimen de Extinci\u00f3n de Obligaciones Rec\u00edprocas dispuesto por el Ejecutivo nacional.<strong> &#8220;Cada uno negocia lo suyo&#8221;<\/strong>.<\/p>\n\n\n\n<p><strong>Gobernadores de lo que era Juntos por el Cambio coincidieron en la mirada. &#8220;No parece que el Presupuesto vaya a entrar en extraordinarias. No hay di\u00e1logo ni voluntad de acercar posiciones. Tampoco quisieron reunirse. La sensaci\u00f3n es que est\u00e1n m\u00e1s c\u00f3modos prorrogando&#8221;, pr\u00e1cticamente descartaron el tratamiento del proyecto. Diputados de los bloques llamados dialoguistas tampoco transmitieron expectativa sobre el Presupuesto.<\/strong><\/p>\n\n\n\n<p>Ya este a\u00f1o con la pr\u00f3rroga del correspondiente a 2023, esa din\u00e1mica de negociaciones con los gobernadores se viene desplegando en el reparto de los Aportes del Tesoro Nacional (ATN) y en los porcentajes devengados del cr\u00e9dito para la ejecuci\u00f3n de la obra p\u00fablica. En este \u00faltimo rubro las diferencias quedan marcadas.<\/p>\n\n\n\n<p><strong>C\u00f3rdoba lidera la lista con el 129,81%, es decir que Naci\u00f3n autoriz\u00f3 el pago de un monto mayor al que ten\u00eda previs<\/strong>to. Acaso incida que Luis Gi\u00f3vine, secretario de Obras P\u00fablicas, es oriundo de ese distrito, m\u00e1s all\u00e1 de que los diputados y senadores alineados con Mart\u00edn Llaryora colaboraron con el oficialismo en momentos clave.<\/p>\n\n\n\n<p>En segundo lugar aparece la Ciudad d<strong>e Buenos Aires (82,79%),<\/strong> pese a la discusi\u00f3n abierta con Jorge Macri por el pago de la coparticipaci\u00f3n y las desconfianzas cruzadas entre La Libertad Avanza y el PRO sobre el armado electoral para el a\u00f1o pr\u00f3ximo.<strong> Luego siguen otros dos mandatarios de lo que era Juntos por el Cambio: San Luis, gobernada por Claudio Poggi, con el 66,33%; y Corrientes, por Gustavo Vald\u00e9s, con el 39,07%.<\/strong><\/p>\n\n\n\n<p>El quinto puesto genera sorpresa entre los mandatarios afines a la Casa Rosada:<strong> Formosa, con 39,07%<\/strong>. A diferencia de otros gobernadores del PJ, el inoxidable Gildo Insfr\u00e1n no prest\u00f3 ayuda al oficialismo en el Congreso a partir de los legisladores que le responden.<\/p>\n\n\n\n<p>Los tres peronistas que se movieron como aliados a La Libertad Avanza (Gustavo S\u00e1enz, Osvaldo Jaldo y en menor medida Ra\u00fal Jalil) se ubican m\u00e1s atr\u00e1s: S<strong>alta tiene devengado el 26,17%, Tucum\u00e1n el 17,88% y Catamarca el 16,74%. En ese lote tambi\u00e9n figuran Jujuy (33,65%), gobernada por el radical Carlos Sadir; Chubut (25,76%), por Ignacio Torres, del PRO; y Santa Fe (20,83%), por Maximiliano Pullaro, de la UCR.<\/strong><\/p>\n\n\n\n<p>M\u00e1s abajo viene <strong>Santiago del Estero (15,13%).<\/strong> Gerardo Zamora, cercano al kirchnerismo, ayud\u00f3 en algunos casos al oficialismo en especial con ausencias. Luego <strong>Misiones (10,51%)<\/strong>, cuyo jefe pol\u00edtico Carlos Rovira suele acordar con la Casa Rosada y los legisladores de su sector funcionan como aliados, y <strong>La Rioja (10,17%)<\/strong>, gobernada por Ricardo Quintela, desafiante de Cristina Kirchner en la interna del PJ.<\/p>\n\n\n\n<p>Entre las diez con menor ejecuci\u00f3n de obra p\u00fablica aparecen otras dos provincias gobernadas por peronistas (Axel Kicillof en Buenos Aires y Sergio Ziliotto en La Pampa) y Tierra del Fuego, con Gustavo Melella en el esquema de Uni\u00f3n por la Patria<strong>. M\u00e1s llamativo resulta que hayan quedado relegadas Mendoza, Entre R\u00edos, San Juan y Santa Cruz, sin nada devengado, y Chaco, por el respaldo de Alfredo Cornejo, Rogelio Frigerio, Marcelo Orrego y Leandro Zdero a Milei<\/strong>. El santacruce\u00f1o Claudio Vidal altern\u00f3 entre opositor y aliado en el Congreso. Tambi\u00e9n recibieron poco Neuqu\u00e9n y Rio Negro, pese a la colaboraci\u00f3n de Rolando Figueroa y Alberto Weretilneck con el oficialismo.<\/p>\n\n\n\n<p><strong>Fuente: www.eldiariodelapampa.com.ar<\/strong><\/p>\n","protected":false},"excerpt":{"rendered":"<p>A la espera de la convocatoria a sesiones extraordinarias por parte del Gobierno, con un temario definido \u00fanicamente por Javier Milei, los referentes opositores en el Congreso y los mandatarios provinciales coinciden a esta altura en bajar al m\u00ednimo la expectativa de que el Presupuesto 2025 forme parte del debate legislativo de este verano. Con [&hellip;]<\/p>\n","protected":false},"author":5,"featured_media":5380,"comment_status":"open","ping_status":"open","sticky":false,"template":"","format":"standard","meta":[],"categories":[10],"tags":[],"_links":{"self":[{"href":"https:\/\/politicapatagonica.com\/index.php\/wp-json\/wp\/v2\/posts\/5379"}],"collection":[{"href":"https:\/\/politicapatagonica.com\/index.php\/wp-json\/wp\/v2\/posts"}],"about":[{"href":"https:\/\/politicapatagonica.com\/index.php\/wp-json\/wp\/v2\/types\/post"}],"author":[{"embeddable":true,"href":"https:\/\/politicapatagonica.com\/index.php\/wp-json\/wp\/v2\/users\/5"}],"replies":[{"embeddable":true,"href":"https:\/\/politicapatagonica.com\/index.php\/wp-json\/wp\/v2\/comments?post=5379"}],"version-history":[{"count":1,"href":"https:\/\/politicapatagonica.com\/index.php\/wp-json\/wp\/v2\/posts\/5379\/revisions"}],"predecessor-version":[{"id":5381,"href":"https:\/\/politicapatagonica.com\/index.php\/wp-json\/wp\/v2\/posts\/5379\/revisions\/5381"}],"wp:featuredmedia":[{"embeddable":true,"href":"https:\/\/politicapatagonica.com\/index.php\/wp-json\/wp\/v2\/media\/5380"}],"wp:attachment":[{"href":"https:\/\/politicapatagonica.com\/index.php\/wp-json\/wp\/v2\/media?parent=5379"}],"wp:term":[{"taxonomy":"category","embeddable":true,"href":"https:\/\/politicapatagonica.com\/index.php\/wp-json\/wp\/v2\/categories?post=5379"},{"taxonomy":"post_tag","embeddable":true,"href":"https:\/\/politicapatagonica.com\/index.php\/wp-json\/wp\/v2\/tags?post=5379"}],"curies":[{"name":"wp","href":"https:\/\/api.w.org\/{rel}","templated":true}]}}