{"id":5376,"date":"2024-12-03T23:46:43","date_gmt":"2024-12-03T23:46:43","guid":{"rendered":"https:\/\/politicapatagonica.com\/?p=5376"},"modified":"2024-12-03T23:46:44","modified_gmt":"2024-12-03T23:46:44","slug":"el-gobierno-provincial-y-la-unco-desarrollaran-proyectos-academicos-y-cientificos","status":"publish","type":"post","link":"https:\/\/politicapatagonica.com\/index.php\/2024\/12\/03\/el-gobierno-provincial-y-la-unco-desarrollaran-proyectos-academicos-y-cientificos\/","title":{"rendered":"El Gobierno provincial y la UNCo desarrollar\u00e1n proyectos acad\u00e9micos y cient\u00edficos"},"content":{"rendered":"\n<p>El\u00a0<strong>ministerio de Educaci\u00f3n\u00a0<\/strong>de la Provincia y la\u00a0<strong>Universidad Nacional del Comahue (UNCo)<\/strong>, firmaron este martes un\u00a0<strong>convenio marco<\/strong>\u00a0para implementar acciones tendientes a desarrollar\u00a0<strong>proyectos acad\u00e9micos, cient\u00edficos y culturales<\/strong>\u00a0en base a tem\u00e1ticas que convocan a ambas instituciones, para dar respuesta a diferentes proyectos educativos, se anunci\u00f3 oficialmente.<\/p>\n\n\n\n<p>El acto se realiz\u00f3 en las instalaciones del rectorado con la presencia del gobernador&nbsp;<strong>Rolando Figueroa<\/strong>; la ministra de Educaci\u00f3n,&nbsp;<strong>Soledad Mart\u00ednez<\/strong>; y la rectora de la UNCo,&nbsp;<strong>Beatriz Gentile<\/strong>.<\/p>\n\n\n\n<p>El mandatario destac\u00f3 que el convenio marco firmado <strong>abarca muchos temas que \u201cpodemos abordar con la Universidad\u201d, que \u201ces nuestra\u201d, y por eso \u201cqueremos trabajar en forma coordinada\u201d. En este sentido, remarc\u00f3 que \u201cese es el rumbo que hemos tomado y defender nuestra Universidad forma parte de defender nuestra neuquinidad\u201d.<\/strong><\/p>\n\n\n\n<p>\u201cEsta acci\u00f3n se suma a las que se vienen realizando desde el ministerio provincial para fortalecer y desarrollar la educaci\u00f3n p\u00fablica que se ver\u00e1 robustecida por el acuerdo\u201d, indic\u00f3 oficialmente el Gobierno.<\/p>\n\n\n\n<p>La firma del convenio <strong>abre las puertas a otras carteras de gobierno a generar acciones y alianzas <\/strong>que permitan mejorar la calidad de vida de los y las neuquinas. Los acuerdos que surjan a partir del mismo podr\u00e1n celebrarse a trav\u00e9s de las Unidades Acad\u00e9micas o la Fundaci\u00f3n para el Desarrollo Regional de la Universidad Nacional del Comahue (Funyder).<\/p>\n\n\n\n<p>La ministra Mart\u00ednez, por su parte, explic\u00f3 que este convenio tiene como objetivo <strong>\u201cdarle marco a tareas que hemos hecho durante todo el a\u00f1o con distintas facultades de Turismo, Humanidades, Ciencias de la Educaci\u00f3n, con las que hemos trabajado en trayectos formativos, en post\u00edtulos, en capacitaci\u00f3n docente en distintas sedes\u201d.<\/strong><\/p>\n\n\n\n<p>De este modo, este convenio \u201cpermite <strong>proyectar y potenciar esa tarea, pensando ya en articular con otras facultades <\/strong>y otras actividades de las muchas que hemos desarrollado durante este a\u00f1o\u201d, detall\u00f3.<\/p>\n\n\n\n<p>Mart\u00ednez indic\u00f3 que este trabajo conjunto con la UNCo se suma a la tarea que se realiz\u00f3 \u201cdurante todo el a\u00f1o para mejorar las condiciones de las escuelas, garantizar el equipamiento, tener todas las plantas en todas las escuelas designadas\u201d, y agreg\u00f3 que \u201cese trabajo se ver\u00e1 mucho m\u00e1s n\u00edtidamente el pr\u00f3ximo a\u00f1o\u201d, porque tambi\u00e9n <strong>est\u00e1 previsto \u201cun ambicioso plan de inversiones durante todo el verano para mejorar las escuelas\u201d.<\/strong><\/p>\n\n\n\n<p>Entre las acciones de colaboraci\u00f3n interinstitucional que se vienen desarrollando se encuentra la articulaci\u00f3n entre el Consejo Provincial de Educaci\u00f3n (CPE), y el ministerio, con la facultad de Humanidades sobre aportes y abordajes del contenido de Educaci\u00f3n Sexual Integral (ESI), en el contexto de la Nueva Secundaria Neuquina.<\/p>\n\n\n\n<h2>Educaci\u00f3n ambiental<\/h2>\n\n\n\n<p><strong>En lo relativo a educaci\u00f3n Ambiental, se realizaron capacitaciones a docentes de escuelas con orientaci\u00f3n en agroecolog\u00eda; actualizaciones a docentes en los paradigmas sobre el oficio de cuidado en las escuelas infantiles; y un trabajo de escritura conjunta entre Institutos de Formaci\u00f3n Docente y profesionales de la UNCo<\/strong>, para abordar de una manera actual, contenidos que hacen a la educaci\u00f3n secundaria.<\/p>\n\n\n\n<p>Por su parte, la rectora Gentile record\u00f3 que \u201cya en el mes de enero nos hab\u00edamos juntado para trabajar en una agenda com\u00fan para todo el a\u00f1o y hoy lo concretamos con un convenio que le pone el marco a todo aquello que se viene haciendo ya con la Universidad\u201d.<\/p>\n\n\n\n<p><strong>La Universidad se ha propuesto \u201carticular con todas las instancias de gobierno, tanto de la Provincia del Neuqu\u00e9n como de la Provincia de R\u00edo Negro\u201d<\/strong>, dijo la rectora y destac\u00f3 que \u201cformamos parte de esta comunidad y por lo tanto nos parece fundamental que todos los niveles educativos tengan un campo com\u00fan de trabajo\u201d.<\/p>\n\n\n\n<p>El convenio marco encuadrar\u00e1 y dar\u00e1 solvencia a una diversidad de actividades y espacios de reflexi\u00f3n educativa, fortaleciendo la educaci\u00f3n p\u00fablica y apostando al desarrollo de la calidad de vida de los y las neuquinas.<\/p>\n\n\n\n<p><strong>Fuente: www.lmneuquen.com<\/strong><\/p>\n","protected":false},"excerpt":{"rendered":"<p>El\u00a0ministerio de Educaci\u00f3n\u00a0de la Provincia y la\u00a0Universidad Nacional del Comahue (UNCo), firmaron este martes un\u00a0convenio marco\u00a0para implementar acciones tendientes a desarrollar\u00a0proyectos acad\u00e9micos, cient\u00edficos y culturales\u00a0en base a tem\u00e1ticas que convocan a ambas instituciones, para dar respuesta a diferentes proyectos educativos, se anunci\u00f3 oficialmente. El acto se realiz\u00f3 en las instalaciones del rectorado con la presencia [&hellip;]<\/p>\n","protected":false},"author":5,"featured_media":5377,"comment_status":"open","ping_status":"open","sticky":false,"template":"","format":"standard","meta":[],"categories":[9],"tags":[],"_links":{"self":[{"href":"https:\/\/politicapatagonica.com\/index.php\/wp-json\/wp\/v2\/posts\/5376"}],"collection":[{"href":"https:\/\/politicapatagonica.com\/index.php\/wp-json\/wp\/v2\/posts"}],"about":[{"href":"https:\/\/politicapatagonica.com\/index.php\/wp-json\/wp\/v2\/types\/post"}],"author":[{"embeddable":true,"href":"https:\/\/politicapatagonica.com\/index.php\/wp-json\/wp\/v2\/users\/5"}],"replies":[{"embeddable":true,"href":"https:\/\/politicapatagonica.com\/index.php\/wp-json\/wp\/v2\/comments?post=5376"}],"version-history":[{"count":1,"href":"https:\/\/politicapatagonica.com\/index.php\/wp-json\/wp\/v2\/posts\/5376\/revisions"}],"predecessor-version":[{"id":5378,"href":"https:\/\/politicapatagonica.com\/index.php\/wp-json\/wp\/v2\/posts\/5376\/revisions\/5378"}],"wp:featuredmedia":[{"embeddable":true,"href":"https:\/\/politicapatagonica.com\/index.php\/wp-json\/wp\/v2\/media\/5377"}],"wp:attachment":[{"href":"https:\/\/politicapatagonica.com\/index.php\/wp-json\/wp\/v2\/media?parent=5376"}],"wp:term":[{"taxonomy":"category","embeddable":true,"href":"https:\/\/politicapatagonica.com\/index.php\/wp-json\/wp\/v2\/categories?post=5376"},{"taxonomy":"post_tag","embeddable":true,"href":"https:\/\/politicapatagonica.com\/index.php\/wp-json\/wp\/v2\/tags?post=5376"}],"curies":[{"name":"wp","href":"https:\/\/api.w.org\/{rel}","templated":true}]}}