{"id":5373,"date":"2024-12-03T22:06:19","date_gmt":"2024-12-03T22:06:19","guid":{"rendered":"https:\/\/politicapatagonica.com\/?p=5373"},"modified":"2024-12-03T22:06:20","modified_gmt":"2024-12-03T22:06:20","slug":"claudio-vidal-es-perjudicial-permanecer-en-el-tiempo-sin-oxigenar-las-instituciones","status":"publish","type":"post","link":"https:\/\/politicapatagonica.com\/index.php\/2024\/12\/03\/claudio-vidal-es-perjudicial-permanecer-en-el-tiempo-sin-oxigenar-las-instituciones\/","title":{"rendered":"Claudio Vidal: \u201cEs perjudicial permanecer en el tiempo sin oxigenar las instituciones\u201d"},"content":{"rendered":"\n<p>El gobernador de Santa Cruz,<strong>&nbsp;Claudio Vidal<\/strong>,&nbsp;particip\u00f3 tanto del lanzamiento del&nbsp;<strong>Comando Unificado de Seguridad<\/strong>&nbsp;de&nbsp;<strong>Comodoro Rivadavia<\/strong>&nbsp;como de la presentaci\u00f3n del nuevo sistema acusatorio federal que se realiz\u00f3 en forma posterior.<\/p>\n\n\n\n<p>En declaraciones a\u00a0<strong>ZNNoticias<\/strong>, el mandatario sostuvo que este tipo de esquemas \u201ces importante\u201d, remarcando que se est\u00e1 trabajando con Chubut y tambi\u00e9n con\u00a0<strong>Tierra del Fuego<\/strong>, cuyo gobernador estaba invitado, revel\u00f3, pero no pudo concurrir.<\/p>\n\n\n\n<p>Aval\u00f3 la iniciativa del Gobierno nacional para optimizar optimizar recursos y mejorar la coordinaci\u00f3n entre las fuerzas de seguridad, reduciendo significativamente los \u00edndices de delitos. Vidal estuvo acompa\u00f1ado por el ministro de Seguridad,<strong>&nbsp;Pedro Prodromos<\/strong>, del que dijo \u201c<strong>est\u00e1 haciendo un gran, gran trabajo<\/strong>\u201c.<\/p>\n\n\n\n<p>\u201cLa verdad es que es una persona que ha demostrado estar a la altura de las circunstancias, que tiene mucho compromiso con su funci\u00f3n y con mucha presencia\u00a0 en las localidades de la provincia\u201d, sostuvo.<\/p>\n\n\n\n<p>Por otra parte, sostuvo la\u00a0importancia de \u201cque la gente pueda trabajar y que la pol\u00edtica realmente haga lo que tiene que hacer: trabajar para los dem\u00e1s.Es fundamental entender que es perjudicial permanecer en el tiempo sin oxigenar las instituciones.\u00a0<strong>Trabajemos juntos para construir un pa\u00eds mejor<\/strong>\u201c, concluy\u00f3.<\/p>\n\n\n\n<p><strong>Fuente: www.laopinionaustral.com.ar<\/strong><\/p>\n","protected":false},"excerpt":{"rendered":"<p>El gobernador de Santa Cruz,&nbsp;Claudio Vidal,&nbsp;particip\u00f3 tanto del lanzamiento del&nbsp;Comando Unificado de Seguridad&nbsp;de&nbsp;Comodoro Rivadavia&nbsp;como de la presentaci\u00f3n del nuevo sistema acusatorio federal que se realiz\u00f3 en forma posterior. En declaraciones a\u00a0ZNNoticias, el mandatario sostuvo que este tipo de esquemas \u201ces importante\u201d, remarcando que se est\u00e1 trabajando con Chubut y tambi\u00e9n con\u00a0Tierra del Fuego, cuyo gobernador [&hellip;]<\/p>\n","protected":false},"author":5,"featured_media":5374,"comment_status":"open","ping_status":"open","sticky":false,"template":"","format":"standard","meta":[],"categories":[8],"tags":[],"_links":{"self":[{"href":"https:\/\/politicapatagonica.com\/index.php\/wp-json\/wp\/v2\/posts\/5373"}],"collection":[{"href":"https:\/\/politicapatagonica.com\/index.php\/wp-json\/wp\/v2\/posts"}],"about":[{"href":"https:\/\/politicapatagonica.com\/index.php\/wp-json\/wp\/v2\/types\/post"}],"author":[{"embeddable":true,"href":"https:\/\/politicapatagonica.com\/index.php\/wp-json\/wp\/v2\/users\/5"}],"replies":[{"embeddable":true,"href":"https:\/\/politicapatagonica.com\/index.php\/wp-json\/wp\/v2\/comments?post=5373"}],"version-history":[{"count":1,"href":"https:\/\/politicapatagonica.com\/index.php\/wp-json\/wp\/v2\/posts\/5373\/revisions"}],"predecessor-version":[{"id":5375,"href":"https:\/\/politicapatagonica.com\/index.php\/wp-json\/wp\/v2\/posts\/5373\/revisions\/5375"}],"wp:featuredmedia":[{"embeddable":true,"href":"https:\/\/politicapatagonica.com\/index.php\/wp-json\/wp\/v2\/media\/5374"}],"wp:attachment":[{"href":"https:\/\/politicapatagonica.com\/index.php\/wp-json\/wp\/v2\/media?parent=5373"}],"wp:term":[{"taxonomy":"category","embeddable":true,"href":"https:\/\/politicapatagonica.com\/index.php\/wp-json\/wp\/v2\/categories?post=5373"},{"taxonomy":"post_tag","embeddable":true,"href":"https:\/\/politicapatagonica.com\/index.php\/wp-json\/wp\/v2\/tags?post=5373"}],"curies":[{"name":"wp","href":"https:\/\/api.w.org\/{rel}","templated":true}]}}