{"id":5357,"date":"2024-12-02T22:24:40","date_gmt":"2024-12-02T22:24:40","guid":{"rendered":"https:\/\/politicapatagonica.com\/?p=5357"},"modified":"2024-12-02T22:24:41","modified_gmt":"2024-12-02T22:24:41","slug":"el-gobernador-anuncio-que-en-chubut-los-presos-van-a-tener-que-trabajar","status":"publish","type":"post","link":"https:\/\/politicapatagonica.com\/index.php\/2024\/12\/02\/el-gobernador-anuncio-que-en-chubut-los-presos-van-a-tener-que-trabajar\/","title":{"rendered":"El Gobernador anunci\u00f3 que en Chubut &#8220;los presos van a tener que trabajar&#8221;"},"content":{"rendered":"\n<p>El gobernador Ignacio\u00a0Torres anunci\u00f3 este lunes en Comodoro Rivadavia que en los pr\u00f3ximos d\u00edas el Ejecutivo enviar\u00e1\u00a0a la Legislatura 2 proyectos de Ley para reforzar la seguridad en todo el territorio chubutense.<\/p>\n\n\n\n<h3><strong>&#8220;Vamos a presentar dos iniciativas, una para autorizar los desalojos previo a tener una sentencia firme en el caso de usurpaciones; y la otra para hacer que los presos que est\u00e1n en las c\u00e1rceles de la provincia trabajen y devuelvan a los chubutenses todo ese esfuerzo fiscal que se va en el sostenimiento del sistema carcelario\u201d, precis\u00f3.<\/strong><\/h3>\n\n\n\n<p>El titular del Ejecutivo anunci\u00f3 que Chubut ser\u00e1 \u201cla primera provincia de la Argentina donde los presos van a tener que trabajar para devolver a los chubutenses todo ese esfuerzo fiscal que se va en el sostenimiento del sistema carcelario\u201d.<\/p>\n\n\n\n<p>Confirm\u00f3, asimismo, que \u201c<strong>vamos a hacer una reforma al C\u00f3digo Procesal para que, cuando haya una toma y sea comprobable el domino de la propiedad, autom\u00e1ticamente ese delincuente va a ser desalojado y la v\u00edctima no va a tener que estar a\u00f1os esperando para recuperar su vivienda\u201d<\/strong>, asegur\u00f3.<\/p>\n\n\n\n<p>En esa l\u00ednea, indic\u00f3 tambi\u00e9n que \u201cen esta provincia tenemos <strong>muchos casos de usurpaciones<\/strong>\u201d, y asegur\u00f3 que \u201cnuestro gobierno va a ir hasta las \u00faltimas consecuencias para que quienes toman un bien que no es propio, paguen las consecuencias y vayan presos como ning\u00fan gobierno previo se anim\u00f3. En esta provincia los que van a tener que preocuparse son los delincuentes\u201d, asegur\u00f3.<\/p>\n\n\n\n<p>Al respecto, inst\u00f3 a \u201c<strong>terminar con ese garantismo berreta que pon\u00eda el foco en el delincuente como si fuera una v\u00edctima y que tanto da\u00f1o le hizo a nuestra provincia.<\/strong> Hoy vamos tambi\u00e9n a tener un hecho hist\u00f3rico que es darle inicio a un sistema acusatorio federal y trabajar en conjunto con la justicia provincial para hermanarnos en esa pelea\u201d.<\/p>\n\n\n\n<p><strong>Fuente: www.elchubut.com.ar<\/strong><\/p>\n","protected":false},"excerpt":{"rendered":"<p>El gobernador Ignacio\u00a0Torres anunci\u00f3 este lunes en Comodoro Rivadavia que en los pr\u00f3ximos d\u00edas el Ejecutivo enviar\u00e1\u00a0a la Legislatura 2 proyectos de Ley para reforzar la seguridad en todo el territorio chubutense. &#8220;Vamos a presentar dos iniciativas, una para autorizar los desalojos previo a tener una sentencia firme en el caso de usurpaciones; y la [&hellip;]<\/p>\n","protected":false},"author":5,"featured_media":5359,"comment_status":"open","ping_status":"open","sticky":false,"template":"","format":"standard","meta":[],"categories":[14],"tags":[],"_links":{"self":[{"href":"https:\/\/politicapatagonica.com\/index.php\/wp-json\/wp\/v2\/posts\/5357"}],"collection":[{"href":"https:\/\/politicapatagonica.com\/index.php\/wp-json\/wp\/v2\/posts"}],"about":[{"href":"https:\/\/politicapatagonica.com\/index.php\/wp-json\/wp\/v2\/types\/post"}],"author":[{"embeddable":true,"href":"https:\/\/politicapatagonica.com\/index.php\/wp-json\/wp\/v2\/users\/5"}],"replies":[{"embeddable":true,"href":"https:\/\/politicapatagonica.com\/index.php\/wp-json\/wp\/v2\/comments?post=5357"}],"version-history":[{"count":1,"href":"https:\/\/politicapatagonica.com\/index.php\/wp-json\/wp\/v2\/posts\/5357\/revisions"}],"predecessor-version":[{"id":5360,"href":"https:\/\/politicapatagonica.com\/index.php\/wp-json\/wp\/v2\/posts\/5357\/revisions\/5360"}],"wp:featuredmedia":[{"embeddable":true,"href":"https:\/\/politicapatagonica.com\/index.php\/wp-json\/wp\/v2\/media\/5359"}],"wp:attachment":[{"href":"https:\/\/politicapatagonica.com\/index.php\/wp-json\/wp\/v2\/media?parent=5357"}],"wp:term":[{"taxonomy":"category","embeddable":true,"href":"https:\/\/politicapatagonica.com\/index.php\/wp-json\/wp\/v2\/categories?post=5357"},{"taxonomy":"post_tag","embeddable":true,"href":"https:\/\/politicapatagonica.com\/index.php\/wp-json\/wp\/v2\/tags?post=5357"}],"curies":[{"name":"wp","href":"https:\/\/api.w.org\/{rel}","templated":true}]}}