{"id":5353,"date":"2024-11-29T22:59:47","date_gmt":"2024-11-29T22:59:47","guid":{"rendered":"https:\/\/politicapatagonica.com\/?p=5353"},"modified":"2024-12-03T10:39:31","modified_gmt":"2024-12-03T10:39:31","slug":"el-oficialismo-aprobo-el-presupuesto-2025-en-una-extensa-sesion","status":"publish","type":"post","link":"https:\/\/politicapatagonica.com\/index.php\/2024\/11\/29\/el-oficialismo-aprobo-el-presupuesto-2025-en-una-extensa-sesion\/","title":{"rendered":"El oficialismo de La Pampa aprob\u00f3 el Presupuesto 2025 en una extensa sesi\u00f3n"},"content":{"rendered":"\n<p><strong>El oficialismo en la C\u00e1mara de Diputados vot\u00f3 este viernes en soledad el Presupuesto 2025 del gobernador Sergio Ziliotto<\/strong>. <strong>Los bloques de la oposici\u00f3n en Diputados votaron en contra: ni la UCR ni el PRO, aunque dieron quorum, convalidaron el plan del Gobierno Provincial para el a\u00f1o que viene. Luego de un empate 15 a 15, desempat\u00f3 Hern\u00e1n P\u00e9rez Araujo, que presidi\u00f3 la sesi\u00f3n ante la ausencia de la vicegobernadora Alicia Mayoral.<\/strong><\/p>\n\n\n\n<p>La oposici\u00f3n adujo que <strong>no coincide con las prioridades de gastos e inversiones <\/strong>y se quej\u00f3 de discriminaci\u00f3n hacia municipios que no est\u00e1n en manos del oficialismo. Los dos diputados de Comunidad Organizada tambi\u00e9n rechazaron el proyecto oficial.<\/p>\n\n\n\n<p>La sesi\u00f3n comenz\u00f3 pasado el mediod\u00eda y para las 15.30 horas, se hab\u00eda llegado la votaci\u00f3n de la Ley impositiva, que tambi\u00e9n termin\u00f3 en empate y defini\u00f3 el diputado P\u00e9rez Araujo.<\/p>\n\n\n\n<p>A diferencia del a\u00f1o 2024, cuando <strong>el gobernador Sergio Ziliotto esper\u00f3 el balotage (dijo que hab\u00eda dos proyecciones, una con Sergio Massa ganador y otra con Milei, lo que ocurri\u00f3) y la sanci\u00f3n del presupuesto nacional -que finalmente se conform\u00f3 con la pr\u00f3rroga del a\u00f1o anterior-, este a\u00f1o La Pampa tendr\u00e1 antes su presupuesto anual.<\/strong><\/p>\n\n\n\n<p>Pero al mismo tiempo, <strong>Ziliotto abri\u00f3 negociaciones con autoridades nacionales para procurar el pago de deudas de la Naci\u00f3n. <\/strong>Otro elemento es que el Presupuesto nacional est\u00e1 en veremos: el gobierno de Milei presiona con otra pr\u00f3rroga aunque ni los aliados ni la oposici\u00f3n amigable del PRO y la UCR alientan esta postura.&nbsp;<\/p>\n\n\n\n<p><strong>El Presupuesto de 2025 no tiene obra p\u00fablica nueva. No hay fondos de Naci\u00f3n y los fondos propios se destinan a terminar la obra p\u00fablica en marcha.<\/strong><\/p>\n\n\n\n<p>A la hora de presentar los n\u00fameros de 2025, Ziliotto apunt\u00f3 que tiene equilibrio fiscal y no presenta endeudamiento. &#8220;Vemos un escenario de incertidumbre m\u00e1s que nunca&#8221;, se lament\u00f3 el gobernador pampeano.<\/p>\n\n\n\n<p>Ziliotto habl\u00f3 del escenario pol\u00edtico, econ\u00f3mico y social del 2025 que determinaron el dise\u00f1o presupuestario:<strong> &#8220;incertidumbre de la situaci\u00f3n econ\u00f3mica, consumo y empleo; una mayor demanda en salud, educaci\u00f3n y alimentos y la estrechez financiera&#8221;.<\/strong><\/p>\n\n\n\n<p>Por eso la compra de energ\u00eda tiene un aumento del 177%. Los medicamentos e insumos hospitalarios un 140%. La educaci\u00f3n un 85.2%. La infraestructura en clubes un 80% (&#8220;son quienes colaboran en la contenci\u00f3n&#8221;, argument\u00f3). En Seguridad un 79.4%. Y en desarrollo de la econom\u00eda un 73.4%.<\/p>\n\n\n\n<p>En cuanto a<strong> las partidas salariales, aumentar\u00e1n un 65% y &#8220;se mantiene en un 39% en lo que incide en el presupuesto como siempre&#8221;, precis\u00f3 el mandatario pampeano en la presentaci\u00f3n del presupuesto.<\/strong><\/p>\n\n\n\n<p>En tanto, en programas alimentarios el aumento en el Presupuesto 2025 ser\u00e1 un 65% y en obras p\u00fablicas ser\u00e1 de un 54%.&nbsp;<\/p>\n\n\n\n<p>Ziliotto dijo que el D\u00e9ficit Previsional es de 105 mil millones, sumado al pasivo en obras, salud y educaci\u00f3n. <strong>&#8220;Eso es lo que vamos a reclamar a Naci\u00f3n y por eso hemos aceptado la invitaci\u00f3n que nos hace el Gobierno Nacional a validar deudas. Queremos ver la forma de c\u00f3mo recuperamos los fondos de los pampeanos que hemos usado para cubrir la falta de fondos del gobierno nacional&#8221;, explic\u00f3.&nbsp;<\/strong><\/p>\n\n\n\n<p>El ministro de Hacienda, Guido Bisterfeld, a la hora de su paso por la Legislatura marc\u00f3 la diferencia con el Gobierno nacional en el tratamiento del Presupuesto. &#8220;Dimos el debate, vinieron los ministros y atenderemos sugerencias&#8221;, dijo al cerrar la ronda de consultas por el Presupuesto 2024 cuyo dictamen fue aprobado por mayor\u00eda por el bloque del FreJuPa.<\/p>\n\n\n\n<p><strong>Bisterfeld dej\u00f3 expresada la preocupaci\u00f3n por los n\u00fameros del SEMPRE. &#8220;Los sueldos aumentaron 104% y los medicamentos 500%&#8221;, afirm\u00f3.&nbsp;<\/strong><\/p>\n\n\n\n<p>Advirti\u00f3 por los n\u00fameros de la obra social provincial. Revel\u00f3 que &#8220;mientras los sueldos de los trabajadores aumentaron un 104% en el a\u00f1o, el costo de los medicamentos y, sobre todo, las pr\u00f3tesis, subieron un 500%&#8221;. Y dio otros ejemplos que complican la situaci\u00f3n: &#8220;en julio del a\u00f1o pasado los 318 afiliados que demandaban la mayor atenci\u00f3n de la obra social representaban el 50% del total de su presupuesto y se cubr\u00eda con lo aportado por 16 mil afiliados; en agosto de este a\u00f1o, los 200 afiliados que demandan la mayor atenci\u00f3n y representan el 50% del presupuesto del Sempre, que se cubre con lo aportado por 30 mil afiliados&#8221;.<\/p>\n\n\n\n<p>En la oposici\u00f3n hay expectativa de lo que har\u00e1 la UCR. Hay una fuerte presi\u00f3n del gobierno provincial hacia los intendentes radicales para que trasladen esa presi\u00f3n a los diputados provinciales para que acompa\u00f1en el Presupuesto. All\u00ed hay una pulseada pol\u00edtica sobre el rumbo de la oposici\u00f3n: el PJ quiere arrastrar a algunos opositores pensando en el 2025 y en el 2027.&nbsp;<\/p>\n\n\n\n<p>La diputada radical <strong>Andrea Valderrama<\/strong> ya despej\u00f3 una duda: anticip\u00f3 que el radicalismo dar\u00e1 qu\u00f3rum para tratar este viernes el presupuesto 2025. Pera marc\u00f3 que <strong>&#8220;el presupuesto expresa una idea de gobierno y en algunas cosas no estamos de acuerdo y la hemos planteado en trabajo de comisi\u00f3n. Sabemos que es un a\u00f1o donde el presupuesto es acotado, porque hay una gran incidencia por la econom\u00eda nacional y por la relaci\u00f3n que hay con el estado nacional que ha dejado de enviar los fondos&#8221;.<\/strong><\/p>\n\n\n\n<p>Sin embargo, el diputado <strong>Javier Torroba<\/strong> despej\u00f3 la inc\u00f3gnita este viernes por la ma\u00f1ana:<strong> votar\u00e1n en contra porque consideran que est\u00e1n &#8220;trastocadas&#8221; las prioridades de gastos e inversiones y porque hay discriminaci\u00f3n a municipios <\/strong>en manos de la oposici\u00f3n.<\/p>\n\n\n\n<p>La diputada <strong>Mar\u00eda Laura Trapaglia<\/strong> ya avis\u00f3 que su partido <strong>votar\u00e1 contra el proyecto de presupuesto del gobierno provincial <\/strong>para el a\u00f1o que viene. Apunt\u00f3 a las &#8220;inconsistencias&#8221; que tiene la propuesta de Sergio Ziliotto.<\/p>\n\n\n\n<p>Trapaglia dijo que &#8220;somos muy cr\u00edticos de la subestimaci\u00f3n que ha hecho siempre el gobierno provincial y que abre las puertas para hacer reestructuras de partidas, donde no ten\u00e9s en muy claro d\u00f3nde van los aportes&#8221;.<\/p>\n\n\n\n<p>&nbsp;Si bien aument\u00f3 en dos puntos el aporte patronal y en uno el de los trabajadores, <strong>&#8220;el equilibrio que ten\u00edamos el a\u00f1o pasado \u2013entre demanda y recursos- era muy endeble y hoy por hoy tendr\u00edamos que otorgar un aumento del 600% a los trabajadores para que con su porcentaje de aportes pudi\u00e9ramos sostener el costo de la obra social&#8221;.<\/strong><\/p>\n\n\n\n<p><strong>El bloque de Comunidad Organizada, Sandra Fonseca y Maximiliano Aliaga expresaron en comisi\u00f3n que rechazan el presupuesto enviado por el Gobierno provincial.&nbsp;&nbsp;<\/strong><\/p>\n\n\n\n<p><strong>Fuente: www.eldiariodelapampa.com.ar<\/strong><\/p>\n","protected":false},"excerpt":{"rendered":"<p>El oficialismo en la C\u00e1mara de Diputados vot\u00f3 este viernes en soledad el Presupuesto 2025 del gobernador Sergio Ziliotto. Los bloques de la oposici\u00f3n en Diputados votaron en contra: ni la UCR ni el PRO, aunque dieron quorum, convalidaron el plan del Gobierno Provincial para el a\u00f1o que viene. Luego de un empate 15 a [&hellip;]<\/p>\n","protected":false},"author":5,"featured_media":5354,"comment_status":"open","ping_status":"open","sticky":false,"template":"","format":"standard","meta":[],"categories":[10],"tags":[],"_links":{"self":[{"href":"https:\/\/politicapatagonica.com\/index.php\/wp-json\/wp\/v2\/posts\/5353"}],"collection":[{"href":"https:\/\/politicapatagonica.com\/index.php\/wp-json\/wp\/v2\/posts"}],"about":[{"href":"https:\/\/politicapatagonica.com\/index.php\/wp-json\/wp\/v2\/types\/post"}],"author":[{"embeddable":true,"href":"https:\/\/politicapatagonica.com\/index.php\/wp-json\/wp\/v2\/users\/5"}],"replies":[{"embeddable":true,"href":"https:\/\/politicapatagonica.com\/index.php\/wp-json\/wp\/v2\/comments?post=5353"}],"version-history":[{"count":2,"href":"https:\/\/politicapatagonica.com\/index.php\/wp-json\/wp\/v2\/posts\/5353\/revisions"}],"predecessor-version":[{"id":5370,"href":"https:\/\/politicapatagonica.com\/index.php\/wp-json\/wp\/v2\/posts\/5353\/revisions\/5370"}],"wp:featuredmedia":[{"embeddable":true,"href":"https:\/\/politicapatagonica.com\/index.php\/wp-json\/wp\/v2\/media\/5354"}],"wp:attachment":[{"href":"https:\/\/politicapatagonica.com\/index.php\/wp-json\/wp\/v2\/media?parent=5353"}],"wp:term":[{"taxonomy":"category","embeddable":true,"href":"https:\/\/politicapatagonica.com\/index.php\/wp-json\/wp\/v2\/categories?post=5353"},{"taxonomy":"post_tag","embeddable":true,"href":"https:\/\/politicapatagonica.com\/index.php\/wp-json\/wp\/v2\/tags?post=5353"}],"curies":[{"name":"wp","href":"https:\/\/api.w.org\/{rel}","templated":true}]}}