{"id":5345,"date":"2024-11-29T21:10:41","date_gmt":"2024-11-29T21:10:41","guid":{"rendered":"https:\/\/politicapatagonica.com\/?p=5345"},"modified":"2024-12-03T10:37:32","modified_gmt":"2024-12-03T10:37:32","slug":"a-pesar-de-su-suspension-gloria-ruiz-mantendra-su-sueldo-como-vicegobernadora","status":"publish","type":"post","link":"https:\/\/politicapatagonica.com\/index.php\/2024\/11\/29\/a-pesar-de-su-suspension-gloria-ruiz-mantendra-su-sueldo-como-vicegobernadora\/","title":{"rendered":"A pesar de su suspensi\u00f3n, Gloria Ruiz mantendr\u00e1 su sueldo como vicegobernadora de Neuqu\u00e9n"},"content":{"rendered":"\n<p>La&nbsp;<strong>vicegobernadora Gloria Ruiz&nbsp;<\/strong>continuar\u00e1 cobrando su salario mientras dure la suspensi\u00f3n dictada por la&nbsp;<strong>C\u00e1mara de Diputados,<\/strong>&nbsp;que aprob\u00f3 por amplia mayor\u00eda la&nbsp;apertura de una investigaci\u00f3n para determinar&nbsp;su&nbsp;<strong>&#8220;inhabilidad moral&#8221;<\/strong>&nbsp;para ocupar el cargo. La medida surge tras denuncias que involucrar\u00edan irregularidades en su gesti\u00f3n.<\/p>\n\n\n\n<p><strong>El diputado<\/strong>&nbsp;del Movimiento Popular Neuquino (MPN)<strong>&nbsp;Gabriel \u00c1lamo<\/strong>&nbsp;confirm\u00f3 que&nbsp;<strong>la suspensi\u00f3n no afecta los haberes<\/strong>&nbsp;de la funcionaria.&nbsp;<\/p>\n\n\n\n<p><strong>Ruiz<\/strong>&nbsp;permanecer\u00e1 apartada de sus funciones mientras la Comisi\u00f3n Investigadora, integrada por presidentes de todos los bloques legislativos, elabora un dictamen en un plazo inicial de&nbsp;<strong>30 d\u00edas h\u00e1biles<\/strong>.<\/p>\n\n\n\n<p><strong>\u00c1lamo<\/strong>&nbsp;explic\u00f3 los motivos de la investigaci\u00f3n: &#8220;<strong>Los allanamientos en La Casa de las Letras y la Legislatura no fueron hechos normales,<\/strong>&nbsp;sino graves. Los diputados y diputadas debemos actuar, y el art\u00edculo 186 de la Constituci\u00f3n Provincial nos permite conformar esta comisi\u00f3n para evaluar la situaci\u00f3n&#8221;. El legislador remarc\u00f3 que&nbsp;<strong>el objetivo no es juzgar a la vicegobernadora,<\/strong>&nbsp;sino esclarecer los hechos y brindar informaci\u00f3n clara a la ciudadan\u00eda neuquina.<\/p>\n\n\n\n<p>Por su parte,&nbsp;<strong>Gloria Ruiz calific\u00f3 de &#8220;inconstitucional&#8221; el proceso<\/strong>&nbsp;impulsado por la Legislatura. &#8220;En ninguna parte de la Constituci\u00f3n Provincial est\u00e1 prevista la figura de la separaci\u00f3n preventiva&#8221;, expres\u00f3 en un comunicado p\u00fablico. Seg\u00fan Ruiz,&nbsp;<strong>esta medida responde a un intento de desestabilizar<\/strong>&nbsp;el Poder Ejecutivo y atenta contra las instituciones republicanas.<\/p>\n\n\n\n<p>La vicegobernadora advirti\u00f3 sobre las consecuencias legales de la acci\u00f3n legislativa: &#8220;Hago responsables a los diputados que votaron por esta medida, que viola el art\u00edculo 36 de la Constituci\u00f3n Nacional y acarrea sanciones para quienes la ejecutaron&#8221;.&nbsp;<\/p>\n\n\n\n<p><strong>Ruiz<\/strong>,&nbsp;<strong>suspendida con 22 votos a favor,<\/strong>&nbsp;cinco abstenciones y ninguno en contra, anunci\u00f3 que&nbsp;<strong>recurrir\u00e1 a la Justicia<\/strong>&nbsp;para frenar lo que considera un atropello institucional.<\/p>\n\n\n\n<p>Finalmente,&nbsp;<strong>Ruiz sostuvo que la continuidad del pago de su salario durante la suspensi\u00f3n no cambia su postura&nbsp;<\/strong>frente al proceso. Seg\u00fan adelant\u00f3, llevar\u00e1 el caso a los tribunales para enfrentar las acusaciones de inhabilidad moral y lo que considera un intento deliberado de destituci\u00f3n por parte de un grupo de legisladores.<\/p>\n\n\n\n<p><strong>Fuente: www.neuquenpost.com<\/strong><\/p>\n","protected":false},"excerpt":{"rendered":"<p>La&nbsp;vicegobernadora Gloria Ruiz&nbsp;continuar\u00e1 cobrando su salario mientras dure la suspensi\u00f3n dictada por la&nbsp;C\u00e1mara de Diputados,&nbsp;que aprob\u00f3 por amplia mayor\u00eda la&nbsp;apertura de una investigaci\u00f3n para determinar&nbsp;su&nbsp;&#8220;inhabilidad moral&#8221;&nbsp;para ocupar el cargo. La medida surge tras denuncias que involucrar\u00edan irregularidades en su gesti\u00f3n. El diputado&nbsp;del Movimiento Popular Neuquino (MPN)&nbsp;Gabriel \u00c1lamo&nbsp;confirm\u00f3 que&nbsp;la suspensi\u00f3n no afecta los haberes&nbsp;de la funcionaria.&nbsp; [&hellip;]<\/p>\n","protected":false},"author":5,"featured_media":5346,"comment_status":"open","ping_status":"open","sticky":false,"template":"","format":"standard","meta":[],"categories":[9],"tags":[],"_links":{"self":[{"href":"https:\/\/politicapatagonica.com\/index.php\/wp-json\/wp\/v2\/posts\/5345"}],"collection":[{"href":"https:\/\/politicapatagonica.com\/index.php\/wp-json\/wp\/v2\/posts"}],"about":[{"href":"https:\/\/politicapatagonica.com\/index.php\/wp-json\/wp\/v2\/types\/post"}],"author":[{"embeddable":true,"href":"https:\/\/politicapatagonica.com\/index.php\/wp-json\/wp\/v2\/users\/5"}],"replies":[{"embeddable":true,"href":"https:\/\/politicapatagonica.com\/index.php\/wp-json\/wp\/v2\/comments?post=5345"}],"version-history":[{"count":2,"href":"https:\/\/politicapatagonica.com\/index.php\/wp-json\/wp\/v2\/posts\/5345\/revisions"}],"predecessor-version":[{"id":5369,"href":"https:\/\/politicapatagonica.com\/index.php\/wp-json\/wp\/v2\/posts\/5345\/revisions\/5369"}],"wp:featuredmedia":[{"embeddable":true,"href":"https:\/\/politicapatagonica.com\/index.php\/wp-json\/wp\/v2\/media\/5346"}],"wp:attachment":[{"href":"https:\/\/politicapatagonica.com\/index.php\/wp-json\/wp\/v2\/media?parent=5345"}],"wp:term":[{"taxonomy":"category","embeddable":true,"href":"https:\/\/politicapatagonica.com\/index.php\/wp-json\/wp\/v2\/categories?post=5345"},{"taxonomy":"post_tag","embeddable":true,"href":"https:\/\/politicapatagonica.com\/index.php\/wp-json\/wp\/v2\/tags?post=5345"}],"curies":[{"name":"wp","href":"https:\/\/api.w.org\/{rel}","templated":true}]}}