{"id":5342,"date":"2024-11-28T22:22:54","date_gmt":"2024-11-28T22:22:54","guid":{"rendered":"https:\/\/politicapatagonica.com\/?p=5342"},"modified":"2024-11-28T22:22:55","modified_gmt":"2024-11-28T22:22:55","slug":"grasso-no-es-la-firma-de-un-convenio-mas-sino-es-reafirmar-un-compromiso-con-las-politicas-de-genero","status":"publish","type":"post","link":"https:\/\/politicapatagonica.com\/index.php\/2024\/11\/28\/grasso-no-es-la-firma-de-un-convenio-mas-sino-es-reafirmar-un-compromiso-con-las-politicas-de-genero\/","title":{"rendered":"Grasso: \u201cNo es la firma de un convenio m\u00e1s, sino es reafirmar un compromiso con las pol\u00edticas de g\u00e9nero\u201d"},"content":{"rendered":"\n<p><strong>Pablo Grasso<\/strong>, intendente de la ciudad de<strong>\u00a0R\u00edo Gallegos<\/strong>, firm\u00f3 un convenio con el doctor\u00a0<strong>Daniel Mariani\u00a0<\/strong>-presidente del\u00a0<strong>Tribunal Superior de Justicia<\/strong>\u2013 para avanzar en una serie de\u00a0<strong>acciones conjuntas<\/strong>\u00a0de\u00a0<strong>sensibilizaci\u00f3n<\/strong>,\u00a0<strong>capacitaci\u00f3n<\/strong>\u00a0y<strong>\u00a0prevenci\u00f3n<\/strong>\u00a0de las\u00a0<strong>diferentes modalidades de violencias<\/strong>. El jefe comunal estuvo acompa\u00f1ado por la secretaria de Gobierno,\u00a0<strong>Sara Delgado<\/strong>, y el secretario de Legal y T\u00e9cnica,\u00a0<strong>Gonzalo Chute<\/strong>.<\/p>\n\n\n\n<h3>De qu\u00e9 se trat\u00f3 la firma<\/h3>\n\n\n\n<p>Desde la comuna capitalina precisaron que \u201cel convenio busca\u00a0<strong>promover la igualdad y prevenir la violencia<\/strong>\u00a0a trav\u00e9s de actividades de\u00a0<strong>sensibilizaci\u00f3n y capacitaci\u00f3n sobre masculinidades<\/strong>\u00a0y\u00a0<strong>equidad\u00a0<\/strong>en el\u00a0<strong>ambiente laboral<\/strong>, enfatizando la importancia de la colaboraci\u00f3n institucional para lograr un cambio estructural. El objetivo es realizar actividades conjuntas para\u00a0<strong>generar ambientes laborales m\u00e1s igualitarios\u00a0<\/strong>entre los g\u00e9neros e identidades sexuales\u201d.<\/p>\n\n\n\n<p>Durante su alocuci\u00f3n,\u00a0<strong>Pablo Grasso\u00a0<\/strong>destac\u00f3 la importancia del trabajo conjunto para \u201c<strong>discutir las nuevas metodolog\u00edas<\/strong>, nuevos<strong>\u00a0protocolos<\/strong>\u00a0de funcionamiento y tambi\u00e9n para enriquecer nuestras teor\u00edas y nuestras pr\u00e1cticas\u201d.<\/p>\n\n\n\n<p>Dijo que \u201cen los&nbsp;<strong>barrios encontramos diferentes problem\u00e1ticas<\/strong>&nbsp;y a veces no sabemos para d\u00f3nde ir, c\u00f3mo actuar en cada una de las demandas que tiene la sociedad con respecto a la Justicia, con respecto a la contenci\u00f3n, y poder trabajar en forma conjunta nos brinda a nosotros m\u00e1s herramientas para que la ciudad mejore\u201d.<\/p>\n\n\n\n<p>En esta l\u00ednea de acontecimientos, afirm\u00f3 que \u201cno es la firma de un convenio m\u00e1s, sino es\u00a0<strong>reafirmar un compromiso con las pol\u00edticas de g\u00e9nero\u00a0<\/strong>que llevamos en nuestro municipio y es seguir trabajando por una ciudad mucho m\u00e1s igualitaria\u201d.<\/p>\n\n\n\n<p>En este marco, record\u00f3 que este lunes se abrieron las nuevas oficinas de la Direcci\u00f3n de Pol\u00edticas de G\u00e9nero del Municipio y destac\u00f3 que \u201capuntamos a algo que a veces se resigna en \u00e1mbitos nacionales, provinciales, en muchos municipios\u201d.<\/p>\n\n\n\n<p>Durante la ceremonia se resalt\u00f3 que la uni\u00f3n de esfuerzos entre dos instituciones tan relevantes como el Superior Tribunal de Justicia y el Municipio de R\u00edo Gallegos demuestra que el cambio estructural s\u00f3lo es posible cuando se trabaja de manera colaborativa, con la mirada puesta en un horizonte com\u00fan.<\/p>\n\n\n\n<p>Se recuerda que a inicios de esta semana se abrieron las<strong>\u00a0nuevas oficinas<\/strong>\u00a0de la\u00a0<strong>Direcci\u00f3n de Pol\u00edticas de G\u00e9nero de la Municipalidad de R\u00edo Gallegos<\/strong>,<strong>\u00a0<\/strong>donde se<strong>\u00a0<\/strong>ofrecer\u00e1 atenci\u00f3n psicol\u00f3gica, asesoramiento legal, acompa\u00f1amiento y ayuda mutua.<\/p>\n\n\n\n<p>Fuente: www.laopinionaustral.com.ar<\/p>\n","protected":false},"excerpt":{"rendered":"<p>Pablo Grasso, intendente de la ciudad de\u00a0R\u00edo Gallegos, firm\u00f3 un convenio con el doctor\u00a0Daniel Mariani\u00a0-presidente del\u00a0Tribunal Superior de Justicia\u2013 para avanzar en una serie de\u00a0acciones conjuntas\u00a0de\u00a0sensibilizaci\u00f3n,\u00a0capacitaci\u00f3n\u00a0y\u00a0prevenci\u00f3n\u00a0de las\u00a0diferentes modalidades de violencias. El jefe comunal estuvo acompa\u00f1ado por la secretaria de Gobierno,\u00a0Sara Delgado, y el secretario de Legal y T\u00e9cnica,\u00a0Gonzalo Chute. De qu\u00e9 se trat\u00f3 la firma [&hellip;]<\/p>\n","protected":false},"author":5,"featured_media":5343,"comment_status":"open","ping_status":"open","sticky":false,"template":"","format":"standard","meta":[],"categories":[8],"tags":[],"_links":{"self":[{"href":"https:\/\/politicapatagonica.com\/index.php\/wp-json\/wp\/v2\/posts\/5342"}],"collection":[{"href":"https:\/\/politicapatagonica.com\/index.php\/wp-json\/wp\/v2\/posts"}],"about":[{"href":"https:\/\/politicapatagonica.com\/index.php\/wp-json\/wp\/v2\/types\/post"}],"author":[{"embeddable":true,"href":"https:\/\/politicapatagonica.com\/index.php\/wp-json\/wp\/v2\/users\/5"}],"replies":[{"embeddable":true,"href":"https:\/\/politicapatagonica.com\/index.php\/wp-json\/wp\/v2\/comments?post=5342"}],"version-history":[{"count":1,"href":"https:\/\/politicapatagonica.com\/index.php\/wp-json\/wp\/v2\/posts\/5342\/revisions"}],"predecessor-version":[{"id":5344,"href":"https:\/\/politicapatagonica.com\/index.php\/wp-json\/wp\/v2\/posts\/5342\/revisions\/5344"}],"wp:featuredmedia":[{"embeddable":true,"href":"https:\/\/politicapatagonica.com\/index.php\/wp-json\/wp\/v2\/media\/5343"}],"wp:attachment":[{"href":"https:\/\/politicapatagonica.com\/index.php\/wp-json\/wp\/v2\/media?parent=5342"}],"wp:term":[{"taxonomy":"category","embeddable":true,"href":"https:\/\/politicapatagonica.com\/index.php\/wp-json\/wp\/v2\/categories?post=5342"},{"taxonomy":"post_tag","embeddable":true,"href":"https:\/\/politicapatagonica.com\/index.php\/wp-json\/wp\/v2\/tags?post=5342"}],"curies":[{"name":"wp","href":"https:\/\/api.w.org\/{rel}","templated":true}]}}