{"id":5339,"date":"2024-11-28T21:00:45","date_gmt":"2024-11-28T21:00:45","guid":{"rendered":"https:\/\/politicapatagonica.com\/?p=5339"},"modified":"2024-11-28T21:00:45","modified_gmt":"2024-11-28T21:00:45","slug":"la-municipalidad-de-ushuaia-entrego-34-decretos-de-preadjudicacion-a-familias-de-mujeres-cooperativistas","status":"publish","type":"post","link":"https:\/\/politicapatagonica.com\/index.php\/2024\/11\/28\/la-municipalidad-de-ushuaia-entrego-34-decretos-de-preadjudicacion-a-familias-de-mujeres-cooperativistas\/","title":{"rendered":"La Municipalidad de Ushuaia entreg\u00f3 34 decretos de preadjudicaci\u00f3n a familias de mujeres cooperativistas"},"content":{"rendered":"\n<p><strong>En el Centro Cultural Actuar con la presencia de las familias adjudicatarias,\u00a0Vuoto record\u00f3 que al asumir en la primera gesti\u00f3n, el discurso era que en Ushuaia no hab\u00eda tierra. \u201cHasta aqu\u00ed llegamos con una decisi\u00f3n pol\u00edtica muy clara de hacernos de la distribuci\u00f3n de la tierra\u201d\u00a0y se pregunt\u00f3 \u201caquellos que nos critican d\u00f3nde estaban cuando se dec\u00eda que no hab\u00eda tierra\u201d.<\/strong><\/p>\n\n\n\n<p><br>\u201cEn el trabajo sostenido que hemos tenido,<strong>\u00a0durante el 2024 entregamos 408 soluciones; en 9 a\u00f1os pudimos entregar 1928 soluciones habitacionales entre ProCreAr, viviendas de cooperativas y cr\u00e9ditos Casa Propia, regularizamos y entregamos 2267 decretos de propiedad&#8221;.<\/strong><\/p>\n\n\n\n<p><br>&#8220;Nos hicimos cargo de regularizar y llevar servicios; la Municipalidad tuvo un rol que nunca hab\u00eda tenido y adem\u00e1s entregamos tierras para proyectos productivos, para sedes sociales, deportivas y religiosas. Y dec\u00edan que no hab\u00eda tierras&#8221;, reflexion\u00f3.<\/p>\n\n\n\n<p><br>\u201cHace dos d\u00edas, nos inform\u00f3 desde <strong>el gobierno de Milei que no enviar\u00e1n los fondos para el tendido de los servicios para la segunda etapa de la urbanizaci\u00f3n San Mart\u00edn, casi 25 mil millones de obras que ten\u00edamos aprobadas y adjudicadas para mejorar la calidad de vida de nuestros vecinos.<\/strong> Todo lo que estamos haciendo hoy es s\u00f3lo con recursos propios\u201d, dijo Vuoto.<br><br><strong>\u201cTenemos que revalorizar y reivindicar el rol de los trabajadores del Estado, y el rol del Estado en un contexto donde mucha gente cree que las cosas las va a resolver el mercado.\u00a0Por eso me tomo este tiempo de hablar con todos y todos ustedes porque hoy podemos entregar la tierra para que ustedes construyan y los vamos a acompa\u00f1ar porque hay un Estado municipal muy fuerte y que tiene una decisi\u00f3n pol\u00edtica. Y avanzamos, trabajamos y acompa\u00f1amos en funci\u00f3n de transformar\u201d.<\/strong><\/p>\n\n\n\n<p><br><strong>Natalia Mondovi, en representaci\u00f3n de la cooperativa Mujeres Construyendo, agradeci\u00f3 al intendente Vuoto, al secretario de H\u00e1bitat y Ordenamiento Territorial David Ferreyra y Yanira Mart\u00ednez \u201cpor estar, por acompa\u00f1arnos en esta lucha que es una lucha de las mujeres y es un sue\u00f1o que hoy estamos empezando a cumplir\u201d.<\/strong>\u00a0Expres\u00f3 que \u201csabemos todo lo que cuesta acceder a la tierra, sabemos que el pa\u00eds est\u00e1 pasando un momento muy dif\u00edcil y valoramos este apoyo que hoy estamos recibiendo de esta tierra que va a ser nuestro hogar, nuestra vivienda y que vamos a tener nuestra familia\u201d. \u201d y cerr\u00f3 diciendo \u201csolas somos una gota, juntas somos un oc\u00e9ano; y este oc\u00e9ano hoy est\u00e1 m\u00e1s fuerte que nunca, sigamos la lucha\u201d.<\/p>\n\n\n\n<p><br>Por su parte,<strong>\u00a0Camila Gonz\u00e1lez, de la asociaci\u00f3n &#8216;Cormoranes del Sur&#8217; agradeci\u00f3 en nombre de todas las asociadas esta oportunidad de acceder a la tierra<\/strong>. \u201cSabemos que es una decisi\u00f3n pol\u00edtica, que el contexto es dif\u00edcil y esta es una oportunidad de poder comenzar,\u00a0porque es s\u00f3lo el principio y juntas vamos a poder. No es casualidad que somos todas mujeres\u201d, dijo Gonz\u00e1les y agradeci\u00f3 al Intendente, al secretario Ferreyra y Yanira Mart\u00ednez, que desde siempre nos estuvo acompa\u00f1ando, banc\u00e1ndonos ya toda la gesti\u00f3n que acompa\u00f1a esta decisi\u00f3n\u201d.<\/p>\n\n\n\n<p><br><strong>David Ferreyra, agradeci\u00f3 la presencia de las familias y felicit\u00f3 a los cooperativistas presentes. \u201cTrabajar en co-gesti\u00f3n tiene que ver con unir esfuerzos, trabajar en conjunto, ponemos a disposici\u00f3n el recurso municipal, el suelo urbano,\u00a0ustedes buscando la manera de optimizar los recursos de sus afiliados, presentar las carpetas de los proyectos de obra, la adquisici\u00f3n de los insumos para las construcciones<\/strong>. Siempre, por mandato de Walter hemos apostado en los \u00faltimos a\u00f1os a la gesti\u00f3n asociada con entidades\u201d, subray\u00f3 el Secretario de H\u00e1bitat y Ordenamiento Territorial.<\/p>\n\n\n\n<p>Record\u00f3 en el acto y con la presencia de <strong>las concejalas Laura Avila y Y\u00e9sica Garay y del concejal Nicol\u00e1s Pelolli, <\/strong>que estuvo presentando el proyecto 2025 en el Concejo Deliberante. \u201cContamos todo lo que no pudimos hacer porque tenemos un gobierno nacional que se corre permanentemente de la escena, un gobierno nacional que decidi\u00f3 no financiar la obra p\u00fablica, pero tambi\u00e9n contamos todo lo que hicimos en estos a\u00f1os con regularizaciones dominiales, con la recuperaci\u00f3n de predios de grandes ocupantes, todo el trabajo que venimos realizando y que nos pone muy orgullosos\u201d, dijo Ferreyra y asegur\u00f3 que en el 2025 \u201cvamos a seguir generando suelo urbano, optimizando nuestros recursos, siendo mejores a\u00fan en la distribuci\u00f3n de la tierra y no caben dudas que esta gesti\u00f3n que conduce Walter va a seguir estando al lado de nuestros vecinos y vecinas para seguir transformando su realidad\u201d.<\/p>\n\n\n\n<p><br><strong>El Intendente agradeci\u00f3 a todo el personal municipal ya la Secretar\u00eda de H\u00e1bitat y Ordenamiento Territorial que han hecho, como siempre, un gran trabajo.\u00a0Anunci\u00f3 que Yanira Mart\u00ednez particip\u00f3 en el \u00faltimo acto como funcionaria de esa Secretar\u00eda porque ser\u00e1 la flamante Secretaria de Pol\u00edticas Sociales, Sanitarias y Derechos Humanos<\/strong>. \u201cLes pido que no la dejen sola en este proceso nuevo en el que tenemos que acompa\u00f1ar a los que m\u00e1s necesitan, a los que menos tienen, a nuestras mujeres,\u00a0porque es lo que tenemos que hacer como Estado, gobernando para todos, pero con la mirada puesta en los que menos tienen\u201d, pidi\u00f3 Vuoto dirigi\u00e9ndose a las cooperativistas.<\/p>\n\n\n\n<p><strong>Fuente: www.sur54.com<\/strong><\/p>\n","protected":false},"excerpt":{"rendered":"<p>En el Centro Cultural Actuar con la presencia de las familias adjudicatarias,\u00a0Vuoto record\u00f3 que al asumir en la primera gesti\u00f3n, el discurso era que en Ushuaia no hab\u00eda tierra. \u201cHasta aqu\u00ed llegamos con una decisi\u00f3n pol\u00edtica muy clara de hacernos de la distribuci\u00f3n de la tierra\u201d\u00a0y se pregunt\u00f3 \u201caquellos que nos critican d\u00f3nde estaban cuando [&hellip;]<\/p>\n","protected":false},"author":5,"featured_media":5340,"comment_status":"open","ping_status":"open","sticky":false,"template":"","format":"standard","meta":[],"categories":[11],"tags":[],"_links":{"self":[{"href":"https:\/\/politicapatagonica.com\/index.php\/wp-json\/wp\/v2\/posts\/5339"}],"collection":[{"href":"https:\/\/politicapatagonica.com\/index.php\/wp-json\/wp\/v2\/posts"}],"about":[{"href":"https:\/\/politicapatagonica.com\/index.php\/wp-json\/wp\/v2\/types\/post"}],"author":[{"embeddable":true,"href":"https:\/\/politicapatagonica.com\/index.php\/wp-json\/wp\/v2\/users\/5"}],"replies":[{"embeddable":true,"href":"https:\/\/politicapatagonica.com\/index.php\/wp-json\/wp\/v2\/comments?post=5339"}],"version-history":[{"count":1,"href":"https:\/\/politicapatagonica.com\/index.php\/wp-json\/wp\/v2\/posts\/5339\/revisions"}],"predecessor-version":[{"id":5341,"href":"https:\/\/politicapatagonica.com\/index.php\/wp-json\/wp\/v2\/posts\/5339\/revisions\/5341"}],"wp:featuredmedia":[{"embeddable":true,"href":"https:\/\/politicapatagonica.com\/index.php\/wp-json\/wp\/v2\/media\/5340"}],"wp:attachment":[{"href":"https:\/\/politicapatagonica.com\/index.php\/wp-json\/wp\/v2\/media?parent=5339"}],"wp:term":[{"taxonomy":"category","embeddable":true,"href":"https:\/\/politicapatagonica.com\/index.php\/wp-json\/wp\/v2\/categories?post=5339"},{"taxonomy":"post_tag","embeddable":true,"href":"https:\/\/politicapatagonica.com\/index.php\/wp-json\/wp\/v2\/tags?post=5339"}],"curies":[{"name":"wp","href":"https:\/\/api.w.org\/{rel}","templated":true}]}}