{"id":5336,"date":"2024-11-28T20:47:25","date_gmt":"2024-11-28T20:47:25","guid":{"rendered":"https:\/\/politicapatagonica.com\/?p=5336"},"modified":"2024-11-28T20:47:26","modified_gmt":"2024-11-28T20:47:26","slug":"torres-firmo-acuerdo-para-avanzar-en-la-construccion-del-parque-eolico-mas-grande-del-pais","status":"publish","type":"post","link":"https:\/\/politicapatagonica.com\/index.php\/2024\/11\/28\/torres-firmo-acuerdo-para-avanzar-en-la-construccion-del-parque-eolico-mas-grande-del-pais\/","title":{"rendered":"Torres firm\u00f3 acuerdo para avanzar en la construcci\u00f3n del Parque E\u00f3lico m\u00e1s grande del pa\u00eds"},"content":{"rendered":"\n<p><strong>El gobernador Ignacio\u00a0Torres y la empresa TotalEnergies Renewables Services Argentina suscribieron este mi\u00e9rcoles un acuerdo de entendimiento para analizar la construcci\u00f3n y puesta en marcha del Parque E\u00f3lico \u201cEl Escorial\u201d. <\/strong>Se trata de un proyecto pionero en la transici\u00f3n energ\u00e9tica que tendr\u00eda una capacidad proyectada de 200 megavatios y proveer\u00eda de energ\u00eda a aquellas localidades chubutenses que se encuentra en la actualidad fuera del sistema el\u00e9ctrico.<\/p>\n\n\n\n<p><strong>La carta de intenci\u00f3n fue firmada en el marco de un encuentro desarrollado en la Casa del Chubut en Buenos Aires con la directora general de la firma l\u00edder en generaci\u00f3n de energ\u00eda, Catherine Remy, y del que participaron tambi\u00e9n el vicegobernador de Chubut, Gustavo Menna, y el subsecretario de Energ\u00edas Renovables de la provincia, Nicol\u00e1s Cittadini.<\/strong><\/p>\n\n\n\n<p>El acuerdo tuvo como <strong>objetivo elaborar una alianza estrat\u00e9gica conjunta para fomentar un clima de inversiones amigable, <\/strong>promover el crecimiento de la industria regional y generar un impacto econ\u00f3mico- social positivo para la evaluaci\u00f3n de inversi\u00f3n respecto a la construcci\u00f3n del Parque E\u00f3lico \u201cEl Escorial\u201d, a unos 350 kil\u00f3metros de Rawson.<\/p>\n\n\n\n<p>El proyecto permitir\u00eda al Estado provincial alcanzar la autosuficiencia energ\u00e9tica, reducir el costo de la energ\u00eda y crear <strong>beneficios al sector productivo e industrial acorde a las pol\u00edticas de desarrollo y promoci\u00f3n industrial <\/strong>que lleva adelante el Ejecutivo chubutense. \u201cEstamos hablando de garantizar la electrificaci\u00f3n del 80% de la provincia y conectar a esos pueblos que al d\u00eda de hoy no tienen acceso a una red el\u00e9ctrica estable\u201d, precis\u00f3 Torres al t\u00e9rmino del encuentro.<\/p>\n\n\n\n<p>El mandatario ratific\u00f3 <strong>el compromiso del Gobierno Provincial de \u201cdesarrollar alternativas relacionadas con la transici\u00f3n energ\u00e9tica y la producci\u00f3n de energ\u00edas sustentables\u201d,<\/strong> e indic\u00f3 que la puesta en marcha del Parque E\u00f3lico m\u00e1s grande del pa\u00eds implicar\u00e1 \u201cel desarrollo de nuevas industrias y la generaci\u00f3n de empleo genuino y de calidad en toda la regi\u00f3n\u201d.<\/p>\n\n\n\n<p>El gobernador hizo especial hincapi\u00e9 \u201cen todo el potencial que tiene nuestra provincia\u201d en materia de generaci\u00f3n de energ\u00eda y sustentabilidad, y asegur\u00f3 que en Chubut \u201ctenemos lo que el mundo est\u00e1 demandando: los mejores rindes de viento, una extensi\u00f3n territorial muy importante y recurso humano calificado\u201d.<\/p>\n\n\n\n<p>Del mismo modo,<strong> el mandatario asegur\u00f3 que \u201cpodemos ser el motor energ\u00e9tico del pa\u00eds porque impulsamos un esquema de alivio fiscal muy beneficioso para aquellas empresas que quieran radicarse en Chubut<\/strong>\u201d. Sostuvo, adem\u00e1s, que \u201cdespu\u00e9s de muchos a\u00f1os, esta provincia cuenta con seguridad jur\u00eddica y calidad institucional para atraer inversiones y consolidar una agenda de desarrollo con reglas claras\u201d.\u00a0<\/p>\n\n\n\n<p>Allanando el camino para un futuro en el que las energ\u00edas verdes y sus derivados se posicionan como las energ\u00edas del futuro, Chubut est\u00e1 en condiciones de marcar un camino ejemplar hacia un modelo energ\u00e9tico y econ\u00f3mico m\u00e1s sostenible, inclusivo y con un enfoque claro para desarrollar este tipo de proyectos, atendiendo todos los aspectos necesarios, econ\u00f3micos, ambientales, sociales, tecnol\u00f3gicos, de infraestructura y gobernanza.<\/p>\n\n\n\n<p>En ese orden,<strong> el Parque E\u00f3lico \u201cEl Escorial\u201d se encuadra en la pol\u00edtica energ\u00e9tica provincial de contribuir eficientemente a la mitigaci\u00f3n y reducci\u00f3n de las emisiones de gases de efecto invernadero (huella de carbono). \u201cActualmente nuestra regi\u00f3n est\u00e1 posicionada en materia de sostenibilidad y competitividad en energ\u00eda limpia y renovable, siempre poniendo al medioambiente por encima de todo\u201d, manifest\u00f3 el mandatario.<\/strong><\/p>\n\n\n\n<h4><strong>El proyecto<\/strong><\/h4>\n\n\n\n<p><strong>Ubicado en la ruta provincial N\u00ba 58, a 8 km del paraje El Escorial, en el Departamento Gastre, el proyecto consiste en la construcci\u00f3n, instalaci\u00f3n y montaje de un parque e\u00f3lico de 200 MW.<\/strong><\/p>\n\n\n\n<p>En esta l\u00ednea de entendimiento, <strong>TotalEnergies<\/strong> cuenta con desarrollos de generaci\u00f3n de energ\u00eda en todo el mundo y espec\u00edficamente en Argentina ha desarrollado, construido y se encuentra operando activos de distintos tipos de energ\u00edas. Cuenta con actividades de generaci\u00f3n e\u00f3lica en las provincias de Buenos Aires, Santa Cruz y Chubut, y de energ\u00eda fotovoltaica en San Luis. Adem\u00e1s, se encuentra invirtiendo en la construcci\u00f3n de un nuevo parque solar en Catamarca. Puntualmente, <strong>en la provincia del Chubut tiene en operaci\u00f3n el Parque E\u00f3lico \u201cMalaspina\u201d de 50 MW.<\/strong><\/p>\n\n\n\n<p><strong>Fuente: www.elchubut.com.ar<\/strong><\/p>\n","protected":false},"excerpt":{"rendered":"<p>El gobernador Ignacio\u00a0Torres y la empresa TotalEnergies Renewables Services Argentina suscribieron este mi\u00e9rcoles un acuerdo de entendimiento para analizar la construcci\u00f3n y puesta en marcha del Parque E\u00f3lico \u201cEl Escorial\u201d. Se trata de un proyecto pionero en la transici\u00f3n energ\u00e9tica que tendr\u00eda una capacidad proyectada de 200 megavatios y proveer\u00eda de energ\u00eda a aquellas localidades [&hellip;]<\/p>\n","protected":false},"author":5,"featured_media":5337,"comment_status":"open","ping_status":"open","sticky":false,"template":"","format":"standard","meta":[],"categories":[14],"tags":[],"_links":{"self":[{"href":"https:\/\/politicapatagonica.com\/index.php\/wp-json\/wp\/v2\/posts\/5336"}],"collection":[{"href":"https:\/\/politicapatagonica.com\/index.php\/wp-json\/wp\/v2\/posts"}],"about":[{"href":"https:\/\/politicapatagonica.com\/index.php\/wp-json\/wp\/v2\/types\/post"}],"author":[{"embeddable":true,"href":"https:\/\/politicapatagonica.com\/index.php\/wp-json\/wp\/v2\/users\/5"}],"replies":[{"embeddable":true,"href":"https:\/\/politicapatagonica.com\/index.php\/wp-json\/wp\/v2\/comments?post=5336"}],"version-history":[{"count":1,"href":"https:\/\/politicapatagonica.com\/index.php\/wp-json\/wp\/v2\/posts\/5336\/revisions"}],"predecessor-version":[{"id":5338,"href":"https:\/\/politicapatagonica.com\/index.php\/wp-json\/wp\/v2\/posts\/5336\/revisions\/5338"}],"wp:featuredmedia":[{"embeddable":true,"href":"https:\/\/politicapatagonica.com\/index.php\/wp-json\/wp\/v2\/media\/5337"}],"wp:attachment":[{"href":"https:\/\/politicapatagonica.com\/index.php\/wp-json\/wp\/v2\/media?parent=5336"}],"wp:term":[{"taxonomy":"category","embeddable":true,"href":"https:\/\/politicapatagonica.com\/index.php\/wp-json\/wp\/v2\/categories?post=5336"},{"taxonomy":"post_tag","embeddable":true,"href":"https:\/\/politicapatagonica.com\/index.php\/wp-json\/wp\/v2\/tags?post=5336"}],"curies":[{"name":"wp","href":"https:\/\/api.w.org\/{rel}","templated":true}]}}