{"id":5326,"date":"2024-11-27T22:59:35","date_gmt":"2024-11-27T22:59:35","guid":{"rendered":"https:\/\/politicapatagonica.com\/?p=5326"},"modified":"2024-11-28T10:34:52","modified_gmt":"2024-11-28T10:34:52","slug":"conflicto-docente-en-santa-cruz-trabajo-volvio-a-dictar-conciliacion-obligatoria-luego-del-ultimo-ofrecimiento-que-hizo-educacion","status":"publish","type":"post","link":"https:\/\/politicapatagonica.com\/index.php\/2024\/11\/27\/conflicto-docente-en-santa-cruz-trabajo-volvio-a-dictar-conciliacion-obligatoria-luego-del-ultimo-ofrecimiento-que-hizo-educacion\/","title":{"rendered":"Conflicto docente en Santa Cruz: Trabajo volvi\u00f3 a dictar conciliaci\u00f3n obligatoria, luego del \u00faltimo ofrecimiento que hizo Educaci\u00f3n"},"content":{"rendered":"\n<p>Este mi\u00e9rcoles, el Ministerio de Trabajo de Santa Cruz notific\u00f3 a la Asociaci\u00f3n de Docentes de Santa Cruz (ADOSAC) de una nueva conciliaci\u00f3n obligatoria, en medio del conflicto por la discusi\u00f3n salarial, que llev\u00f3 al gremio a sucesivos paros y acusaciones cruzadas con el gobierno.<\/p>\n\n\n\n<p>Trabajo volvi\u00f3 a intimar al sindicato docente con una c\u00e9dula de notificaci\u00f3n. Cabe recordar que, adem\u00e1s, hace algunas semanas impuso una multa que superaba los 1700 millones de pesos por no acatar la conciliaci\u00f3n obligatoria de 2023, durante el gobierno de Alicia Kirchner. Esto fue apelado por el gremio por la v\u00eda judicial.<\/p>\n\n\n\n<p>Esto \u00faltimo motiv\u00f3 la &#8220;solidaridad&#8221; de distintos sectores pol\u00edticos que hoy no integran el gobierno provincial, como Uni\u00f3n por la Patria y vertientes del radicalismo, aunque el gremio advirti\u00f3 que&nbsp;&#8220;la clase pol\u00edtica se acomoda seg\u00fan la conveniencia del momento, es acomodaticia y a veces hasta parece amn\u00e9sica, porque va cambiando a lo largo de los tiempos&#8221;.&nbsp;<\/p>\n\n\n\n<p>En la conciliaci\u00f3n obligatoria del martes, el gobierno&nbsp;present\u00f3 una nueva oferta salarial a ADOSAC y AMET, luego de que estos convocaran a un nuevo paro para este jueves y viernes.&nbsp;<\/p>\n\n\n\n<p>El ofrecimiento detallado, en palabras del gobierno:&nbsp;<\/p>\n\n\n\n<p><strong>&#8220;En este proceso seguimos avanzando con definiciones del gobernador que tienen como objetivo fortalecer el salario de los trabajadores<\/strong>&nbsp;incrementando las Asignaciones Familiares Prenatal, por Hijo y per Hijo con Discapacidad en un 50%, a partir del 1\u00b0 de diciembre del 2024. Considerando lo expuesto, y teniendo en cuenta que en el mes de octubre se ofreci\u00f3 3,6% pare enero, y que las nuevas proyecciones estiman una leve baja en la inflaci\u00f3n, este poder ejecutivo sostiene las propuestas generando un avance en el objetivo de recomposici\u00f3n salarial y laboral; es que proponemos,&nbsp;<strong>como m\u00e1xima y \u00faltima oferta, elevar en 11 % el valor punto, para que sea liquidado en los meses de octubre, noviembre y enero 2025, de la siguiente manera<\/strong>:<\/p>\n\n\n\n<p><strong><em>-A partir del 1\u00b0de octubre del alto en curso, elevar el valor punto a S1.990,7969-.<\/em><\/strong><\/p>\n\n\n\n<p><strong><em>-A partir del 1\u00b0 de noviembre del a\u00f1o en curso, elevar el valor punto a $2.060,4748-<\/em><\/strong><\/p>\n\n\n\n<p><strong><em>-. A partir del 1\u00b0 de enero del a\u00f1o 2025, elevar el valor punto a $2.134,6519-.-<\/em><\/strong><\/p>\n\n\n\n<p><strong><em>&#8211; Los presentes incrementos son de car\u00e1cter acumulativo.<\/em><\/strong><\/p>\n\n\n\n<p><strong><em>-Los incrementos tienen alcance en el sector pasivo (jubilados y pensionados).<\/em><\/strong><\/p>\n\n\n\n<p>Asimismo, como se plante\u00f3 precedentemente, la decisi\u00f3n del Gobernador de elevar a partir del 1\u00b0 de diciembre del pago en curso un 50% en las Asignaci6n per Hijo, un 50% la Asignaci\u00f3n por Hijo con Discapacidad, y un 50% la Asignaci\u00f3n Pre Natal.<\/p>\n\n\n\n<p>En el mismo orden de ideas se propone que el pago del 3,5% correspondiente a octubre, m\u00e1s el 3.5% de noviembre se efectivice por planilla complementaria el d\u00eda 10 de diciembre del corriente, siendo este imparte acumulado un 11% aproximadamente dado que incluye el retroactivo de mes de octubre sumado al incremento de noviembre.<\/p>\n\n\n\n<p>Hemos avanzado en las repuestas a otras solicitudes de ADOSAC, y con respecto al encuadre que corresponde a la Diplomatura de Neurociencia a y Educaci\u00f3n, por lo que se est\u00e1 en proceso de elaboraci\u00f3n del instrumento legal que otorga el 1,50 de puntaje a todos los docentes que realizaron esa instancia de formaci\u00f3n. Esto tendr\u00e1 impacto directo en el listado de aspirantes para interinatos y suplencias 2025, generando as\u00ed una reparaci\u00f3n hist\u00f3rica en el sector docente&#8221;.<\/p>\n\n\n\n<p><strong>Fuente: www.eldiarionuevodia.com.ar<\/strong><\/p>\n","protected":false},"excerpt":{"rendered":"<p>Este mi\u00e9rcoles, el Ministerio de Trabajo de Santa Cruz notific\u00f3 a la Asociaci\u00f3n de Docentes de Santa Cruz (ADOSAC) de una nueva conciliaci\u00f3n obligatoria, en medio del conflicto por la discusi\u00f3n salarial, que llev\u00f3 al gremio a sucesivos paros y acusaciones cruzadas con el gobierno. Trabajo volvi\u00f3 a intimar al sindicato docente con una c\u00e9dula [&hellip;]<\/p>\n","protected":false},"author":5,"featured_media":5327,"comment_status":"open","ping_status":"open","sticky":false,"template":"","format":"standard","meta":[],"categories":[8],"tags":[],"_links":{"self":[{"href":"https:\/\/politicapatagonica.com\/index.php\/wp-json\/wp\/v2\/posts\/5326"}],"collection":[{"href":"https:\/\/politicapatagonica.com\/index.php\/wp-json\/wp\/v2\/posts"}],"about":[{"href":"https:\/\/politicapatagonica.com\/index.php\/wp-json\/wp\/v2\/types\/post"}],"author":[{"embeddable":true,"href":"https:\/\/politicapatagonica.com\/index.php\/wp-json\/wp\/v2\/users\/5"}],"replies":[{"embeddable":true,"href":"https:\/\/politicapatagonica.com\/index.php\/wp-json\/wp\/v2\/comments?post=5326"}],"version-history":[{"count":2,"href":"https:\/\/politicapatagonica.com\/index.php\/wp-json\/wp\/v2\/posts\/5326\/revisions"}],"predecessor-version":[{"id":5335,"href":"https:\/\/politicapatagonica.com\/index.php\/wp-json\/wp\/v2\/posts\/5326\/revisions\/5335"}],"wp:featuredmedia":[{"embeddable":true,"href":"https:\/\/politicapatagonica.com\/index.php\/wp-json\/wp\/v2\/media\/5327"}],"wp:attachment":[{"href":"https:\/\/politicapatagonica.com\/index.php\/wp-json\/wp\/v2\/media?parent=5326"}],"wp:term":[{"taxonomy":"category","embeddable":true,"href":"https:\/\/politicapatagonica.com\/index.php\/wp-json\/wp\/v2\/categories?post=5326"},{"taxonomy":"post_tag","embeddable":true,"href":"https:\/\/politicapatagonica.com\/index.php\/wp-json\/wp\/v2\/tags?post=5326"}],"curies":[{"name":"wp","href":"https:\/\/api.w.org\/{rel}","templated":true}]}}