{"id":5320,"date":"2024-11-27T21:09:08","date_gmt":"2024-11-27T21:09:08","guid":{"rendered":"https:\/\/politicapatagonica.com\/?p=5320"},"modified":"2024-11-28T10:32:02","modified_gmt":"2024-11-28T10:32:02","slug":"rolando-figueroa-sobre-el-escandalo-con-gloria-ruiz-estoy-muy-desilusionado-y-dolido","status":"publish","type":"post","link":"https:\/\/politicapatagonica.com\/index.php\/2024\/11\/27\/rolando-figueroa-sobre-el-escandalo-con-gloria-ruiz-estoy-muy-desilusionado-y-dolido\/","title":{"rendered":"Rolando Figueroa sobre el esc\u00e1ndalo con Gloria Ruiz: &#8220;Estoy muy desilusionado y dolido&#8221;"},"content":{"rendered":"\n<p>El gobernador de Neuqu\u00e9n,&nbsp;<strong>Rolando Figueroa,<\/strong>&nbsp;se refiri\u00f3 al esc\u00e1ndalo que envuelve a la vicegobernadora y presidenta de la<strong>&nbsp;Legislatura<\/strong>,&nbsp;<strong>Gloria Ruiz<\/strong>, tras conocerse la designaci\u00f3n de familiares y la <strong>denuncia contra su hermano, Pablo Ruiz, por desv\u00edo de fondos p\u00fablicos.<\/strong><\/p>\n\n\n\n<p><strong>&#8220;Siempre he sido muy cordial con ella. Estoy muy desilusionado y dolido&#8221;<\/strong>, admiti\u00f3 el mandatario durante una rueda de prensa en el Museo Nacional de Bellas Artes (MNBA), tras la presentaci\u00f3n del parque fotovoltaico que hizo junto al intendente Mariano Gaido.<strong> Figueroa hizo \u00e9nfasis en la &#8220;independencia de poderes&#8221; y reiter\u00f3 la necesidad de la &#8220;tolerancia cero&#8221; hacia los casos de corrupci\u00f3n<\/strong>, por lo que hace falta investigar los movimientos sospechosos que involucren recursos p\u00fablico,<strong> &#8220;sin importar la jerarqu\u00eda&#8221;.<\/strong><\/p>\n\n\n\n<p>Despu\u00e9s de los allanamientos del \u00faltimo viernes en la Legislatura de Neuqu\u00e9n, Casa de las Leyes y la vivienda de Pablo Ruiz, <strong>el gobernador s\u00f3lo hab\u00eda afirmado a la prensa que se enter\u00f3 de la investigaci\u00f3n judicial por los diarios y que no iba a opinar sobre el tema<\/strong>. Sin embargo, durante el fin de semana se repitieron distintos pronunciamientos de partidos pol\u00edticos, diputados e intendentes neuquinos.<\/p>\n\n\n\n<p><strong>Gloria Ruiz emiti\u00f3 un comunicado en el que afirm\u00f3 que no iba a renunciar<\/strong>. El frente Neuquinizate, que llev\u00f3 a la f\u00f3rmula de Figueroa y Ruiz al poder, anunci\u00f3 que tendr\u00edan &#8220;tolerancia cero&#8221; hacia la falta de transparencia y que no habr\u00eda lugar para los funcionarios que se alejen de esas premisas, sin importar su posici\u00f3n en la estructura de gobierno.<\/p>\n\n\n\n<p>El gobernador finalmente se expres\u00f3 en relaci\u00f3n al <strong>esc\u00e1ndalo de corrupci\u00f3n que salpica a Ruiz, ya que se hermano est\u00e1 sujeto a una investigaci\u00f3n por una supuesta defraudaci\u00f3n al Estado a trav\u00e9s del desv\u00edo de casi 30 millones de pesos de las cuentas oficiales de la Legislatura a su cuenta bancaria personal.<\/strong><\/p>\n\n\n\n<p>Figueroa admiti\u00f3 que mantuvo una reuni\u00f3n con Ruiz despu\u00e9s del tratamiento del presupuesto del Poder Legislativo, tal como hab\u00eda expresado la vicegobernadora en su comunicado. Sin embargo, <strong>neg\u00f3 que hayan tocado el tema de las intencionalidades pol\u00edticas y tambi\u00e9n desminti\u00f3 haberle expresado que \u00e9l ten\u00eda intenciones de ser gobernador durante ocho a\u00f1os. Por el contrario, aclar\u00f3 que est\u00e1 enfocado en resolver los problemas del Ejecutivo. &#8220;Todos los d\u00edas tenemos problemas de salud, educaci\u00f3n, seguridad, es cotidiano&#8221;, aclar\u00f3.<\/strong><\/p>\n\n\n\n<p>El gobernador aclar\u00f3 que dialogaron exclusivamente sobre el presupuesto de la Legislatura porque, &#8220;como hombre de n\u00fameros&#8221;, not\u00f3 &#8220;inconsistencias&#8221; en la administraci\u00f3n de los recursos de la Legislatura. Dijo que, por eso, tom\u00f3 la decisi\u00f3n de restituir los fondos de su presupuesto para darle autonom\u00eda a la instituci\u00f3n. &#8220;Eran 11 mil millones de pesos para conservar la independencia de poderes y era un salvavidas para c\u00f3mo se estaba manejando el presupuesto&#8221;, dijo y aclar\u00f3 que no ve\u00eda sustentabilidad en los c\u00e1lculos.<\/p>\n\n\n\n<p>Para \u00e9l, reintegrar ese fondo de 11 mil millones de pesos para que la Legislatura &#8220;los disponga&#8221; fue un apoyo muy importante. &#8220;Hay que responder con m\u00e1s institucionalidad. Ese es el horizonte con el que nos vamos a mover&#8221;, se\u00f1al\u00f3.<\/p>\n\n\n\n<h2>Divisi\u00f3n de poderes y rol institucional<\/h2>\n\n\n\n<p><strong>&#8220;En la provincia de Neuqu\u00e9n existe la independencia de poderes&#8221;, dijo el mandatario en relaci\u00f3n al futuro de la vicegobernadora, para quien algunos diputados solicitan una declaraci\u00f3n de inhabilidad moral y la&nbsp;separaci\u00f3n temporal de su cargo.&nbsp;Para Figueroa, las discusiones con Ruiz &#8220;no contribuyen a resolver los problemas de los neuquinos, y yo estoy muy concentrado en la gesti\u00f3n&#8221;.<\/strong><\/p>\n\n\n\n<p>Pese a que admiti\u00f3 que la relaci\u00f3n con Ruiz no es buena, Figueroa aclar\u00f3 que sigue confiando en su rol institucional y que, en caso de ausentarse, ella ocupar\u00e1 de manera provisoria el rol de primera mandataria de la provincia. Como ejemplo, aclar\u00f3 que cuando \u00e9l ocupaba la presidencia de la Legislatura, no ten\u00eda buena relaci\u00f3n con el entonces gobernador, Omar Guti\u00e9rrez. &#8220;Incluso despu\u00e9s de haberlo enfrentado en una interna, en donde propon\u00eda otro modelo de gesti\u00f3n, cuando ocup\u00e9 su rol en su ausencia, nunca puse obst\u00e1culos a su gobernabilidad&#8221;, dijo.<\/p>\n\n\n\n<p>De este modo, se\u00f1al\u00f3 que la administraci\u00f3n provincial puede continuar y que conf\u00eda en que ella respetar\u00e1 los roles previstos por la Constituci\u00f3n provincial, incluso cuando la relaci\u00f3n personal no es buena. Admiti\u00f3 que no esperaba terminar el a\u00f1o de gesti\u00f3n de esta manera. &#8220;Estoy muy desilusionado&#8221;, afirm\u00f3.<\/p>\n\n\n\n<h2>Pedido de investigaciones a futuro<\/h2>\n\n\n\n<p>El gobernador afirm\u00f3 a la prensa que hab\u00eda solicitado al Fiscal de Estado, Ra\u00fal Gait\u00e1n, constituirse como querellante&nbsp;<strong>en la causa que investiga el&nbsp;desv\u00edo de fondos p\u00fablicos&nbsp;desde la Legislatura<\/strong>&nbsp;a las cuentas bancarias personales de&nbsp;<strong>Pablo Ruiz<\/strong>, quien hasta este lunes se desempe\u00f1aba como coordinador de la<strong>&nbsp;Casa de las Leyes<\/strong>. Seg\u00fan explic\u00f3, el objetivo es lograr la restituci\u00f3n de los fondos, ya que consider\u00f3 que es dinero que &#8220;es de todos los neuquinos&#8221;.<\/p>\n\n\n\n<p>Record\u00f3, adem\u00e1s, que d<strong>urante el aniversario del Banco Provincia del Neuqu\u00e9n (BPN) hab\u00eda pedido a los empleados que alcen la voz al notar cualquier movimiento sospechoso en las cuentas bancarias. &#8220;Hay que poner el ojo en los espacios que manejan los recursos p\u00fablicos, <\/strong>y ellos tienen la vista entrenada para detectar cualquier movimiento fuera de lo normal&#8221;, dijo y agreg\u00f3 que esta denuncia del BPN ante la Fiscal\u00eda de Delitos Econ\u00f3micos es una muestra de esa situaci\u00f3n.<\/p>\n\n\n\n<p>Sin embargo, se\u00f1al\u00f3 que desconoce si hay otras alertas o investigaciones de este tipo. <strong>&#8220;Ante la menor sospecha de un il\u00edcito, se tiene que denunciar&#8221;, dijo y aclar\u00f3: &#8220;Es tolerancia cero, sea quien sea, y me voy a esforzar por buscar distintos hechos que no correspondan con un lineamiento pol\u00edtico desde la propuesta pol\u00edtica y las necesidades de la sociedad&#8221;.<\/strong><\/p>\n\n\n\n<p>Aclar\u00f3 que &#8220;cada uno de los poderes del Estado se tiene que hacer cargo de lo que le toca&#8221; y agreg\u00f3 que tom\u00f3 la decisi\u00f3n de restituir los fondos para que el Poder Legislativo cumpla sus funciones. &#8220;Si me preguntan a m\u00ed qu\u00e9 tiene que hacer ese poder, creo que es hacer leyes&#8221;, dijo en relaci\u00f3n al rol de la Legislatura de cubrir otras demandas sociales que, en realidad, dependen del Ejecutivo o los municipios.<\/p>\n\n\n\n<p><strong>Fuente: www.lmneuquen.com<\/strong><\/p>\n","protected":false},"excerpt":{"rendered":"<p>El gobernador de Neuqu\u00e9n,&nbsp;Rolando Figueroa,&nbsp;se refiri\u00f3 al esc\u00e1ndalo que envuelve a la vicegobernadora y presidenta de la&nbsp;Legislatura,&nbsp;Gloria Ruiz, tras conocerse la designaci\u00f3n de familiares y la denuncia contra su hermano, Pablo Ruiz, por desv\u00edo de fondos p\u00fablicos. &#8220;Siempre he sido muy cordial con ella. Estoy muy desilusionado y dolido&#8221;, admiti\u00f3 el mandatario durante una rueda [&hellip;]<\/p>\n","protected":false},"author":5,"featured_media":5321,"comment_status":"open","ping_status":"open","sticky":false,"template":"","format":"standard","meta":[],"categories":[9],"tags":[],"_links":{"self":[{"href":"https:\/\/politicapatagonica.com\/index.php\/wp-json\/wp\/v2\/posts\/5320"}],"collection":[{"href":"https:\/\/politicapatagonica.com\/index.php\/wp-json\/wp\/v2\/posts"}],"about":[{"href":"https:\/\/politicapatagonica.com\/index.php\/wp-json\/wp\/v2\/types\/post"}],"author":[{"embeddable":true,"href":"https:\/\/politicapatagonica.com\/index.php\/wp-json\/wp\/v2\/users\/5"}],"replies":[{"embeddable":true,"href":"https:\/\/politicapatagonica.com\/index.php\/wp-json\/wp\/v2\/comments?post=5320"}],"version-history":[{"count":2,"href":"https:\/\/politicapatagonica.com\/index.php\/wp-json\/wp\/v2\/posts\/5320\/revisions"}],"predecessor-version":[{"id":5333,"href":"https:\/\/politicapatagonica.com\/index.php\/wp-json\/wp\/v2\/posts\/5320\/revisions\/5333"}],"wp:featuredmedia":[{"embeddable":true,"href":"https:\/\/politicapatagonica.com\/index.php\/wp-json\/wp\/v2\/media\/5321"}],"wp:attachment":[{"href":"https:\/\/politicapatagonica.com\/index.php\/wp-json\/wp\/v2\/media?parent=5320"}],"wp:term":[{"taxonomy":"category","embeddable":true,"href":"https:\/\/politicapatagonica.com\/index.php\/wp-json\/wp\/v2\/categories?post=5320"},{"taxonomy":"post_tag","embeddable":true,"href":"https:\/\/politicapatagonica.com\/index.php\/wp-json\/wp\/v2\/tags?post=5320"}],"curies":[{"name":"wp","href":"https:\/\/api.w.org\/{rel}","templated":true}]}}