{"id":5317,"date":"2024-11-26T22:01:57","date_gmt":"2024-11-26T22:01:57","guid":{"rendered":"https:\/\/politicapatagonica.com\/?p=5317"},"modified":"2024-11-28T10:29:26","modified_gmt":"2024-11-28T10:29:26","slug":"incertidumbre-entre-los-intendentes-de-la-oposicion-por-la-ayuda-provincial","status":"publish","type":"post","link":"https:\/\/politicapatagonica.com\/index.php\/2024\/11\/26\/incertidumbre-entre-los-intendentes-de-la-oposicion-por-la-ayuda-provincial\/","title":{"rendered":"Incertidumbre entre los intendentes de la oposici\u00f3n en La Pampa por la ayuda provincial"},"content":{"rendered":"\n<p><strong>Abel Sabarots y Hugo Kenny, intendentes de General Acha y Victorica respectivamente, expresaron sus sensaciones respecto de la reuni\u00f3n mantenida con el ministro de Gobierno, Pascual Fern\u00e1ndez, para analizar una ayuda del gobierno provincial a los municipios de la oposici\u00f3n para pagar el bono de 300.000 pesos a los empleados estatales.<\/strong>\u00a0<\/p>\n\n\n\n<p>Ambos manifestaron su esperanza en que el <strong>Ejecutivo provincial ayude a los municipios<\/strong>, como en a\u00f1os anteriores, aunque con distinto grado de incertidumbre.<\/p>\n\n\n\n<p>Kenny destac\u00f3 la r\u00e1pida respuesta de Provincia al pedido de reuni\u00f3n y detall\u00f3 un presente complicado en las finanzas, tanto provinciales como municipales. <strong>&#8220;El di\u00e1logo es importante y hubo una r\u00e1pida respuesta al pedido de la reuni\u00f3n. La actual situaci\u00f3n hace mirar los n\u00fameros bien finitos porque hay miedo de no poder cumplir&#8221;,<\/strong> sostuvo el jefe comunal de Victorica. Y agreg\u00f3 que &#8220;el ministro hizo notar que los municipios tienen la autonom\u00eda de adherir o no, pero es hist\u00f3rico que venimos acompa\u00f1ando los salarios de provincial&#8221;.<\/p>\n\n\n\n<p>En ese contexto, el ministro de Gobierno hizo un repaso de la situaci\u00f3n econ\u00f3mica de la Provincia. &#8220;Pascual reiter\u00f3 las dificultades econ\u00f3micas que se atraviesan por las pol\u00edticas nacionales y <strong>nosotros planteamos la necesidad, algunos municipios m\u00e1s que otros, de recibir una ayuda o adelanto de coparticipaci\u00f3n, con devoluci\u00f3n por supuesto, para afrontar estos pagos<\/strong>&#8220;, indic\u00f3 Kenny en declaraciones radiales.&nbsp;<\/p>\n\n\n\n<p>&#8220;Quedamos a la espera de ver que se puede llegar a armar a sabiendas que no es f\u00e1cil. Mi impresi\u00f3n es que no habr\u00eda ayuda, pero van a tratar de ver si algo aparece&#8221;, complet\u00f3 el intendente victoriquense.<\/p>\n\n\n\n<p><strong>Y detall\u00f3 adem\u00e1s que el pago del bono representa &#8220;75 millones de pesos al municipio. Que es plata que queda en el pueblo, en el mercado local, en los comercios del pueblo&#8221;.&nbsp;<\/strong><\/p>\n\n\n\n<p>&#8220;Hist\u00f3ricamente ha existido el adelanto de coparticipaci\u00f3n, esperamos se pueda destrabar alg\u00fan camino, pero no es poca la plata que Provincia deber\u00eda poner. La sensaci\u00f3n es que est\u00e1 muy dif\u00edcil esta historia&#8221;, concluy\u00f3.<\/p>\n\n\n\n<p>Preocupaci\u00f3n<\/p>\n\n\n\n<p>Por su parte,<strong> Abel Sabarots manifest\u00f3 que la incertidumbren financiera va m\u00e1s all\u00e1 del pago del bono, previsto para el 14 de enero de 2025. &#8220;Se pudo plantear ante el ministro que la preocupaci\u00f3n no es solo por el bono, se suma el m\u00ednimo garantizado y el aguinaldo. Eso a General Acha le representa pagar dos sueldos en un mes&#8221;.<\/strong><\/p>\n\n\n\n<p>Expres\u00f3 adem\u00e1s que &#8220;no hubo propuesta del gobierno, porque el panorama es complejo, depende de la evoluci\u00f3n de la recaudaci\u00f3n. Calculamos que en 2 semanas tendremos novedades&#8221;.<\/p>\n\n\n\n<p>Los intendentes de la oposici\u00f3n fueron cuestionados por pedir ayuda econ\u00f3mica al gobierno provincial, cuando los diputados nacionales de ese partido votaron medidas del gobierno nacional que perjudicaron a La Pampa.&nbsp;<\/p>\n\n\n\n<p>&#8220;Es llamativo que los intendentes de Juntos por el Cambio (JxC) ahora acudan al Gobierno provincial para pedir auxilio econ\u00f3mico porque necesitan dinero para pagar el bono de fin de a\u00f1o a los trabajadores municipales. <strong>Se olvidan que los diputados nacionales de su espacio (Mart\u00edn Maquieyra y Mart\u00edn Ardohain), votaron a favor del Paquete Fiscal impulsado por Javier Milei, una reforma que conden\u00f3 a la provincia a perder recursos por unos 20.000 millones de pesos&#8221;, dijo el legislador nacional de Uni\u00f3n por la Patria, Ariel Rauschenberger.<\/strong><\/p>\n\n\n\n<p>Al respecto, Sabarots se diferenci\u00f3 y expres\u00f3: &#8220;nosotros hemos planteado desde el primer momento la preocupaci\u00f3n por las pol\u00edticas nacionales, por la baja en el consumo, la paralizaci\u00f3n de la obra p\u00fablica. Sabemos lo que es gestionar con la reducci\u00f3n del movimiento econ\u00f3mico, los advertimos siempre y en el di\u00e1logo institucional con provincia eso estuvo planteado desde la primera reuni\u00f3n&#8221;.<\/p>\n\n\n\n<p><strong>El intendente radical dijo adem\u00e1s que el gobierno provincial se re\u00fane este martes por la tarde con los intendentes oficialistas, tambi\u00e9n por el pago del bono. &#8220;Calculo que no habr\u00e1 diferenciaci\u00f3n entre ayudar a unos intendentes y a otros no&#8221;, concluy\u00f3.<\/strong><\/p>\n\n\n\n<p><strong>Fuente: www.eldiariodelapampa.com.ar<\/strong><\/p>\n","protected":false},"excerpt":{"rendered":"<p>Abel Sabarots y Hugo Kenny, intendentes de General Acha y Victorica respectivamente, expresaron sus sensaciones respecto de la reuni\u00f3n mantenida con el ministro de Gobierno, Pascual Fern\u00e1ndez, para analizar una ayuda del gobierno provincial a los municipios de la oposici\u00f3n para pagar el bono de 300.000 pesos a los empleados estatales.\u00a0 Ambos manifestaron su esperanza [&hellip;]<\/p>\n","protected":false},"author":5,"featured_media":5318,"comment_status":"open","ping_status":"open","sticky":false,"template":"","format":"standard","meta":[],"categories":[10],"tags":[],"_links":{"self":[{"href":"https:\/\/politicapatagonica.com\/index.php\/wp-json\/wp\/v2\/posts\/5317"}],"collection":[{"href":"https:\/\/politicapatagonica.com\/index.php\/wp-json\/wp\/v2\/posts"}],"about":[{"href":"https:\/\/politicapatagonica.com\/index.php\/wp-json\/wp\/v2\/types\/post"}],"author":[{"embeddable":true,"href":"https:\/\/politicapatagonica.com\/index.php\/wp-json\/wp\/v2\/users\/5"}],"replies":[{"embeddable":true,"href":"https:\/\/politicapatagonica.com\/index.php\/wp-json\/wp\/v2\/comments?post=5317"}],"version-history":[{"count":3,"href":"https:\/\/politicapatagonica.com\/index.php\/wp-json\/wp\/v2\/posts\/5317\/revisions"}],"predecessor-version":[{"id":5332,"href":"https:\/\/politicapatagonica.com\/index.php\/wp-json\/wp\/v2\/posts\/5317\/revisions\/5332"}],"wp:featuredmedia":[{"embeddable":true,"href":"https:\/\/politicapatagonica.com\/index.php\/wp-json\/wp\/v2\/media\/5318"}],"wp:attachment":[{"href":"https:\/\/politicapatagonica.com\/index.php\/wp-json\/wp\/v2\/media?parent=5317"}],"wp:term":[{"taxonomy":"category","embeddable":true,"href":"https:\/\/politicapatagonica.com\/index.php\/wp-json\/wp\/v2\/categories?post=5317"},{"taxonomy":"post_tag","embeddable":true,"href":"https:\/\/politicapatagonica.com\/index.php\/wp-json\/wp\/v2\/tags?post=5317"}],"curies":[{"name":"wp","href":"https:\/\/api.w.org\/{rel}","templated":true}]}}