{"id":5311,"date":"2024-11-26T21:46:33","date_gmt":"2024-11-26T21:46:33","guid":{"rendered":"https:\/\/politicapatagonica.com\/?p=5311"},"modified":"2024-11-26T21:46:34","modified_gmt":"2024-11-26T21:46:34","slug":"la-camara-electoral-definio-que-ricardo-garramuno-asumira-en-lugar-del-fallecido-diputado-stefani-y-encuentro-federal-podria-sumar-un-voto","status":"publish","type":"post","link":"https:\/\/politicapatagonica.com\/index.php\/2024\/11\/26\/la-camara-electoral-definio-que-ricardo-garramuno-asumira-en-lugar-del-fallecido-diputado-stefani-y-encuentro-federal-podria-sumar-un-voto\/","title":{"rendered":"La C\u00e1mara Electoral defini\u00f3 que Ricardo Garramu\u00f1o asumir\u00e1 en lugar del fallecido diputado Stefani y Encuentro Federal podr\u00eda sumar un voto"},"content":{"rendered":"\n<p>La\u00a0<strong>C\u00e1mara Nacional Electoral\u00a0<\/strong>de Argentina\u00a0<strong>revoc\u00f3 una sentencia<\/strong>\u00a0que\u00a0<strong>permit\u00eda a Dalila Ver\u00f3nica Nora,\u00a0<\/strong>candidata de la alianza Juntos por el Cambio,<strong>\u00a0ocupar la vacante<\/strong>\u00a0del\u00a0<strong>fallecido\u00a0<\/strong>diputado nacional\u00a0<strong>H\u00e9ctor Stefani<\/strong>\u00a0por Tierra del Fuego. La decisi\u00f3n inicial, tomada por un juez de primera instancia, hab\u00eda sido\u00a0<strong>impugnada<\/strong>\u00a0por el apoderado de\u00a0<strong>Ricardo Garramu\u00f1o<\/strong>\u00a0y por\u00a0<strong>representantes<\/strong>\u00a0de la\u00a0<strong>C\u00e1mara de Diputados<\/strong>\u00a0de la Naci\u00f3n.<\/p>\n\n\n\n<p>El caso, identificado como \u201cNora, Dalila Ver\u00f3nica y otros c\/Garramu\u00f1o, Ricardo Juan y otro s\/amparo\u201d, se origin\u00f3 en el juzgado federal con competencia electoral de Tierra del Fuego. La&nbsp;<strong>controversia<\/strong>&nbsp;surgi\u00f3 cuando se&nbsp;<strong>cuestion\u00f3 la aplicaci\u00f3n del art\u00edculo 164 del C\u00f3digo Electoral&nbsp;<\/strong>Nacional, que establece la&nbsp;<strong>sustituci\u00f3n<\/strong>&nbsp;de legisladores por&nbsp;<strong>personas del mismo sexo<\/strong>. Sin embargo, las demandantes no alegaron la inconstitucionalidad de dicho art\u00edculo, sino que hicieron referencias generales a disposiciones constitucionales sobre igualdad de g\u00e9nero.<\/p>\n\n\n\n<p>La C\u00e1mara Nacional Electoral, al analizar el caso, record\u00f3 que la declaraci\u00f3n de inconstitucionalidad de una norma es un acto de suma gravedad institucional y debe ser \u201cejercida con sobriedad y prudencia\u201d. En este sentido, destac\u00f3 que las demandantes no demostraron de manera clara c\u00f3mo la norma atacada contradec\u00eda la Constituci\u00f3n Nacional.<\/p>\n\n\n\n<p>El tribunal tambi\u00e9n se\u00f1al\u00f3 que la situaci\u00f3n planteada es similar a un caso anterior, &#8220;Souto, Natalia Marcela c\/H. C\u00e1mara de Diputados de la Naci\u00f3n&#8221;, donde se desestim\u00f3 un recurso de inconstitucionalidad del mismo art\u00edculo del C\u00f3digo Electoral. En ambos casos, se subray\u00f3 que el legislador opt\u00f3 por una soluci\u00f3n dentro de un abanico de alternativas posibles, y que rechazar su aplicaci\u00f3n privar\u00eda de sentido a la norma.<\/p>\n\n\n\n<p>Finalmente<strong>, la C\u00e1mara Nacional Electoral resolvi\u00f3<\/strong>\u00a0que, dado que no se aleg\u00f3 ni se demostr\u00f3 la inconstitucionalidad del art\u00edculo 164,\u00a0<strong>la vacante debe ser ocupada por Ricardo Garramu\u00f1o<\/strong>, conforme a la regla general de sustituci\u00f3n por personas del mismo sexo. Esta decisi\u00f3n revoca la sentencia apelada y reafirma la aplicaci\u00f3n del C\u00f3digo Electoral Nacional en situaciones similares.<\/p>\n\n\n\n<p>El debate era importante en las filas del PRO porque la definici\u00f3n de la Justicia Electoral iba a determinar si se aseguraba un voto o si lo perd\u00eda, porque el problema que enfrenta el bloque PRO es que el fueguino tiene una<strong>&nbsp;estrecha relaci\u00f3n&nbsp;<\/strong>con el presidente de Encuentro Federal,&nbsp;<strong>Miguel \u00c1ngel Pichetto.&nbsp;<\/strong>Tanto es as\u00ed que en la \u00faltima reuni\u00f3n de Labor Parlamentaria -en la previa a la sesi\u00f3n que se cay\u00f3 por falta de qu\u00f3rum para tratar Ficha Limpia- el tema se \u201ccol\u00f3\u201d y gener\u00f3 un fuerte debate entre algunos bloques. Y la mirada desconcertada de otros que no entend\u00edan el por qu\u00e9 del tratamiento del tema en esa instancia.<\/p>\n\n\n\n<p><strong>Garramu\u00f1o no es del PRO,<\/strong>\u00a0sino que es el vicepresidente de la agrupaci\u00f3n local\u00a0<strong>Somos Fueguinos<\/strong>, que en la \u00faltima elecci\u00f3n se integr\u00f3 a Juntos por el Cambio. El partido de la Isla tiene un perfil anti k y se encuentra enfrentado al gobernador Gustavo Melella, del partido Concertaci\u00f3n Forja, que forma parte del conglomerado de espacios kirchneristas.<\/p>\n\n\n\n<p>En las \u00faltimas elecciones, el vicepresidente de Somos Fueguinos ingres\u00f3 como primer suplente de la lista de Juntos por el Cambio a instancias de Pichetto, que en ese momento militaba en las filas del macrismo como una especie de extrapartidario del PRO, la Coalici\u00f3n C\u00edvica y la Uni\u00f3n C\u00edvica Radical.<\/p>\n\n\n\n<p>Esa relevancia del ahora presidente del bloque de Encuentro Federal en su definici\u00f3n en las listas, en la que algunos del bloque amarillo entienden que el fueguino podr\u00eda \u201cpagar\u201d pegando el salto al bloque pichettista. \u201cLo mejor que nos puede pasar es que se arme un monobloque y que sea ley por ley, pero lo que s\u00ed es seguro es que no es PRO\u201d, explicaba a Infobae un miembro del bloque que conduce Cristian Ritondo.<\/p>\n\n\n\n<p><strong>Fuente: www.infobae.com<\/strong><\/p>\n\n\n\n<p><a rel=\"noreferrer noopener\" href=\"https:\/\/www.infobae.com\/politica\/2024\/11\/26\/carta-abierta-de-larreta-a-milei-lo-han-elegido-para-gobernar-el-pais-no-para-dividirnos\/\" target=\"_blank\"><\/a><\/p>\n","protected":false},"excerpt":{"rendered":"<p>La\u00a0C\u00e1mara Nacional Electoral\u00a0de Argentina\u00a0revoc\u00f3 una sentencia\u00a0que\u00a0permit\u00eda a Dalila Ver\u00f3nica Nora,\u00a0candidata de la alianza Juntos por el Cambio,\u00a0ocupar la vacante\u00a0del\u00a0fallecido\u00a0diputado nacional\u00a0H\u00e9ctor Stefani\u00a0por Tierra del Fuego. La decisi\u00f3n inicial, tomada por un juez de primera instancia, hab\u00eda sido\u00a0impugnada\u00a0por el apoderado de\u00a0Ricardo Garramu\u00f1o\u00a0y por\u00a0representantes\u00a0de la\u00a0C\u00e1mara de Diputados\u00a0de la Naci\u00f3n. El caso, identificado como \u201cNora, Dalila Ver\u00f3nica y otros [&hellip;]<\/p>\n","protected":false},"author":5,"featured_media":5312,"comment_status":"open","ping_status":"open","sticky":false,"template":"","format":"standard","meta":[],"categories":[11],"tags":[],"_links":{"self":[{"href":"https:\/\/politicapatagonica.com\/index.php\/wp-json\/wp\/v2\/posts\/5311"}],"collection":[{"href":"https:\/\/politicapatagonica.com\/index.php\/wp-json\/wp\/v2\/posts"}],"about":[{"href":"https:\/\/politicapatagonica.com\/index.php\/wp-json\/wp\/v2\/types\/post"}],"author":[{"embeddable":true,"href":"https:\/\/politicapatagonica.com\/index.php\/wp-json\/wp\/v2\/users\/5"}],"replies":[{"embeddable":true,"href":"https:\/\/politicapatagonica.com\/index.php\/wp-json\/wp\/v2\/comments?post=5311"}],"version-history":[{"count":1,"href":"https:\/\/politicapatagonica.com\/index.php\/wp-json\/wp\/v2\/posts\/5311\/revisions"}],"predecessor-version":[{"id":5313,"href":"https:\/\/politicapatagonica.com\/index.php\/wp-json\/wp\/v2\/posts\/5311\/revisions\/5313"}],"wp:featuredmedia":[{"embeddable":true,"href":"https:\/\/politicapatagonica.com\/index.php\/wp-json\/wp\/v2\/media\/5312"}],"wp:attachment":[{"href":"https:\/\/politicapatagonica.com\/index.php\/wp-json\/wp\/v2\/media?parent=5311"}],"wp:term":[{"taxonomy":"category","embeddable":true,"href":"https:\/\/politicapatagonica.com\/index.php\/wp-json\/wp\/v2\/categories?post=5311"},{"taxonomy":"post_tag","embeddable":true,"href":"https:\/\/politicapatagonica.com\/index.php\/wp-json\/wp\/v2\/tags?post=5311"}],"curies":[{"name":"wp","href":"https:\/\/api.w.org\/{rel}","templated":true}]}}