{"id":5301,"date":"2024-11-25T22:18:04","date_gmt":"2024-11-25T22:18:04","guid":{"rendered":"https:\/\/politicapatagonica.com\/?p=5301"},"modified":"2024-11-26T14:05:07","modified_gmt":"2024-11-26T14:05:07","slug":"proyecto-gaucho-en-que-consiste-la-iniciativa-de-hidrogeno-verde-que-se-hara-en-santa-cruz-con-financiamiento-de-alemania","status":"publish","type":"post","link":"https:\/\/politicapatagonica.com\/index.php\/2024\/11\/25\/proyecto-gaucho-en-que-consiste-la-iniciativa-de-hidrogeno-verde-que-se-hara-en-santa-cruz-con-financiamiento-de-alemania\/","title":{"rendered":"Proyecto Gaucho: en qu\u00e9 consiste la iniciativa de hidr\u00f3geno verde que se har\u00e1 en Santa Cruz con financiamiento de Alemania"},"content":{"rendered":"\n<p>El desarrollador austr\u00edaco de energ\u00edas renovables&nbsp;<strong>RP Global<\/strong>&nbsp;lanz\u00f3 formalmente la puesta en marcha de su proyecto para instalar 3 GW de capacidad de electr\u00f3lisis a partir de la generaci\u00f3n e\u00f3lica, en la provincia de Santa Cruz, como parte de la primera fase del proyecto&nbsp;<strong>&#8220;Gaucho: Wind to Hydrogen and Green Ammonia&#8221;<\/strong>.<\/p>\n\n\n\n<p>La iniciativa utilizar\u00e1 un parque e\u00f3lico de 4,2 GW para alimentar electrolizadores, generando m\u00e1s de 21.340 GWh de electricidad al a\u00f1o y&nbsp;<strong>produciendo hasta 1,7 millones de toneladas de amon\u00edaco verde anuales<\/strong>, principalmente para exportar a Europa.<\/p>\n\n\n\n<p>As\u00ed se present\u00f3 en un encuentro realizado en Buenos Aires que permiti\u00f3 formalizar la puesta en marcha del proyecto que cuenta con el respaldo del Programa Internacional de&nbsp;<strong>Aumento de la Producci\u00f3n de Hidr\u00f3geno (H2Uppp)<\/strong>&nbsp;de Alemania, y es gestionado por la&nbsp;<strong>Agencia Alemana para la Cooperaci\u00f3n Internacional (GIZ)<\/strong>.<\/p>\n\n\n\n<p>Este programa tiene como objetivo promover proyectos de hidr\u00f3geno verde en pa\u00edses emergentes y en desarrollo seleccionados, en l\u00ednea con la&nbsp;<strong>estrategia nacional de hidr\u00f3geno del gobierno alem\u00e1n.<\/strong><\/p>\n\n\n\n<p>En particular, el apoyo es el resultado de un proceso de licitaci\u00f3n competitivo celebrado entre febrero y junio de 2024,&nbsp;<strong>lo que convierte al proyecto Gaucho en la primera asociaci\u00f3n p\u00fablico-privada (APP) para hidr\u00f3geno verde en Argentina<\/strong>, se explic\u00f3 en la reuni\u00f3n que se realiz\u00f3 en la sede de la&nbsp;<strong>C\u00e1mara de Industria y Comercio Argentino-Alemana (AHK Argentina)<\/strong>.<\/p>\n\n\n\n<p>En la presentaci\u00f3n -de la que estuvieron presentes representantes de la delegaci\u00f3n de la Uni\u00f3n Europea en Argentina, las embajadas de&nbsp;<strong>Alemania<\/strong>,&nbsp;<strong>Austria<\/strong>&nbsp;y&nbsp;<strong>Pa\u00edses Bajos<\/strong>&nbsp;y las principales c\u00e1maras de energ\u00eda- se destac\u00f3 que RP Global opera en Argentina desde 2017 con el desarrollo de una cartera de proyectos e\u00f3licos y solares que suman unos 2000 Mw en las provincias de&nbsp;<strong>La Rioja<\/strong>,&nbsp;<strong>San Juan<\/strong>,&nbsp;<strong>San Luis<\/strong>,&nbsp;<strong>Buenos Aires<\/strong>,&nbsp;<strong>Neuqu\u00e9n<\/strong>&nbsp;y&nbsp;<strong>R\u00edo Negro<\/strong>, resultado del&nbsp;<strong>Programa Renovar<\/strong>&nbsp;y de su participaci\u00f3n en el&nbsp;<strong>Mercado a T\u00e9rmino (MATER)<\/strong>.<\/p>\n\n\n\n<p>En la ocasi\u00f3n se destac\u00f3 que, adem\u00e1s de la construcci\u00f3n,<strong>&nbsp;la asociaci\u00f3n realizar\u00e1 estudios exhaustivos sobre la viabilidad y el potencial de la producci\u00f3n y exportaci\u00f3n de hidr\u00f3geno verde y amon\u00edaco a gran escala en Argentina.<\/strong>&nbsp;Los resultados se pondr\u00e1n a disposici\u00f3n p\u00fablica para ayudar a las partes interesadas, incluidas las entidades gubernamentales, los inversores y los desarrolladores, a impulsar el sector del hidr\u00f3geno verde en el pa\u00eds, inform\u00f3 la desarrolladora austr\u00edaca.<\/p>\n\n\n\n<p>La progresividad del proyecto off grid que se encuentra en una etapa de desarrollo de 15 Gw con objetivos a 2030,&nbsp;<strong>prev\u00e9 la construcci\u00f3n de dos plantas de generaci\u00f3n en la localidades santacruce\u00f1as de Puerto Deseado y Punta Quilla, para lo cual tomar\u00e1 agua del mar para desalinizar y sumar\u00e1 la capacidad renovable de un parque e\u00f3lico y de electrolizadores.<\/strong><\/p>\n\n\n\n<p>La previsi\u00f3n es instalar casi 9000 Mw de generaci\u00f3n e\u00f3lica y otros 6000 Mw de electrolizadores, cuya desvinculaci\u00f3n del sistema permitir\u00e1 certificar el hidr\u00f3geno verde ciento por ciento de origen renovable, se explic\u00f3.<\/p>\n\n\n\n<p>RP Global es un desarrollador y operador a gran escala con experiencia en el sector de las energ\u00edas renovables. La empresa desarroll\u00f3, financi\u00f3 y construy\u00f3 centrales fotovoltaicas, e\u00f3licas e hidroel\u00e9ctricas, y su estrategia incluye ampliar la cartera con proyectos de almacenamiento de hidr\u00f3geno y bater\u00edas en los pr\u00f3ximos a\u00f1os.<\/p>\n\n\n\n<p><strong>Un marco regulatorio para el H2<\/strong><\/p>\n\n\n\n<p>El proyecto form\u00f3 parte de las iniciativas presentadas en el&nbsp;<strong>Foro de Hidr\u00f3geno Verde<\/strong>, realizado en Calafate, provincia de Santa Cruz, que tuvo como consigna &#8220;Condiciones para su desarrollo&#8221;. All\u00ed estuvieron presentes compa\u00f1\u00edas como Forestecue (que tiene un proyecto de hidr\u00f3geno verde en R\u00edo Negro),&nbsp;<strong>GENNEIA<\/strong>&nbsp;(el mayor productor de energ\u00eda e\u00f3lica, y creciendo en solar, del pa\u00eds),&nbsp;<strong>ABO Energy<\/strong>,&nbsp;<strong>CWP Global<\/strong>,&nbsp;<strong>PCR<\/strong>&nbsp;y&nbsp;<strong>RP Global<\/strong>.<\/p>\n\n\n\n<p>All\u00ed,&nbsp;<strong>Juan Pedro Ag\u00fcero<\/strong>, Country Manager de RP Global, expres\u00f3: &#8220;La principal barrera hoy es la falta de un marco regulatorio adecuado, que ha sido trabajado y consensuado por los principales actores del sector. Necesitamos esta ley para dar el pr\u00f3ximo paso y acercarnos m\u00e1s a la meta&#8221;.<\/p>\n\n\n\n<p>Precisamente en el&nbsp;<strong>Foro del Hidr\u00f3geno<\/strong>&nbsp;se plante\u00f3 que el RIGI debe complementarse con una ley espec\u00edfica que abarque todos los proyectos, incluidos los de peque\u00f1a escala, dado que es una industria que requiere investigaci\u00f3n y experimentaci\u00f3n para lograr altos niveles de eficiencia.<\/p>\n\n\n\n<p>El hidr\u00f3geno se presenta como un actor nuevo en el mundo de la transici\u00f3n energ\u00e9tica y hay distintos pron\u00f3sticos que estiman que aproximadamente el 14% de la matriz energ\u00e9tica mundial va a ser cubierta por este energ\u00e9tico al 2050, lo que significa una demanda de 600 millones de toneladas por a\u00f1o, una cifra que requiere multiplicar las capacidades de generaci\u00f3n global.<\/p>\n\n\n\n<p><strong>Transici\u00f3n energ\u00e9tica en Argentina<\/strong><\/p>\n\n\n\n<p>Un reciente estudio del&nbsp;<strong>Centro de Estudios de la Actividad Regulatoria Energ\u00e9tica (Ceare-UBA)<\/strong>&nbsp;afirm\u00f3 que &#8220;la transici\u00f3n energ\u00e9tica mundial es una enorme oportunidad para la Argentina&#8221;, al considerar la importancia de generar un marco normativo para que el pa\u00eds pueda competir con el resto de los mercados que advierten que se est\u00e1 ante un desarrollo y un comercio de miles de millones de d\u00f3lares al a\u00f1o.<\/p>\n\n\n\n<p><strong>En una proyecci\u00f3n moderada de un mercado global de exportaci\u00f3n de 200 millones de toneladas, si la Argentina logra capturar s\u00f3lo el 3% de todo ese movimiento, significar\u00e1n 6 millones de toneladas de H2, es decir 18.000 millones de d\u00f3lares por a\u00f1o apenas con una peque\u00f1a parte del mercado a\u00fan en definici\u00f3n.<\/strong><\/p>\n\n\n\n<p>&#8220;Para eso necesitar\u00edamos 200 twh disponible solo para la producci\u00f3n de hidr\u00f3geno y toda la energ\u00eda actual es de 142 twh, es decir, nuevamente es hablar de escalas gigantescas&#8221;, sostuvo el reporte de reciente presentaci\u00f3n. (Mejor Energ\u00eda).<\/p>\n\n\n\n<p><strong>Fuente: www.eldiarionuevodia.com.ar<\/strong><\/p>\n\n\n\n<p><a href=\"https:\/\/www.eldiarionuevodia.com.ar\/locales\/proyecto-gaucho-en-que-consiste-la-iniciativa-de-hidrogeno-verde-que-se-hara-en-santa-cruz-con-financiamiento-de-alemania\/#galleryzoom\"><\/a><\/p>\n","protected":false},"excerpt":{"rendered":"<p>El desarrollador austr\u00edaco de energ\u00edas renovables&nbsp;RP Global&nbsp;lanz\u00f3 formalmente la puesta en marcha de su proyecto para instalar 3 GW de capacidad de electr\u00f3lisis a partir de la generaci\u00f3n e\u00f3lica, en la provincia de Santa Cruz, como parte de la primera fase del proyecto&nbsp;&#8220;Gaucho: Wind to Hydrogen and Green Ammonia&#8221;. La iniciativa utilizar\u00e1 un parque e\u00f3lico [&hellip;]<\/p>\n","protected":false},"author":5,"featured_media":5302,"comment_status":"open","ping_status":"open","sticky":false,"template":"","format":"standard","meta":[],"categories":[8],"tags":[],"_links":{"self":[{"href":"https:\/\/politicapatagonica.com\/index.php\/wp-json\/wp\/v2\/posts\/5301"}],"collection":[{"href":"https:\/\/politicapatagonica.com\/index.php\/wp-json\/wp\/v2\/posts"}],"about":[{"href":"https:\/\/politicapatagonica.com\/index.php\/wp-json\/wp\/v2\/types\/post"}],"author":[{"embeddable":true,"href":"https:\/\/politicapatagonica.com\/index.php\/wp-json\/wp\/v2\/users\/5"}],"replies":[{"embeddable":true,"href":"https:\/\/politicapatagonica.com\/index.php\/wp-json\/wp\/v2\/comments?post=5301"}],"version-history":[{"count":2,"href":"https:\/\/politicapatagonica.com\/index.php\/wp-json\/wp\/v2\/posts\/5301\/revisions"}],"predecessor-version":[{"id":5310,"href":"https:\/\/politicapatagonica.com\/index.php\/wp-json\/wp\/v2\/posts\/5301\/revisions\/5310"}],"wp:featuredmedia":[{"embeddable":true,"href":"https:\/\/politicapatagonica.com\/index.php\/wp-json\/wp\/v2\/media\/5302"}],"wp:attachment":[{"href":"https:\/\/politicapatagonica.com\/index.php\/wp-json\/wp\/v2\/media?parent=5301"}],"wp:term":[{"taxonomy":"category","embeddable":true,"href":"https:\/\/politicapatagonica.com\/index.php\/wp-json\/wp\/v2\/categories?post=5301"},{"taxonomy":"post_tag","embeddable":true,"href":"https:\/\/politicapatagonica.com\/index.php\/wp-json\/wp\/v2\/tags?post=5301"}],"curies":[{"name":"wp","href":"https:\/\/api.w.org\/{rel}","templated":true}]}}