{"id":5296,"date":"2024-11-25T21:26:10","date_gmt":"2024-11-25T21:26:10","guid":{"rendered":"https:\/\/politicapatagonica.com\/?p=5296"},"modified":"2024-11-26T14:03:50","modified_gmt":"2024-11-26T14:03:50","slug":"el-gobierno-romantiza-el-ajuste-se-quejo-la-unter","status":"publish","type":"post","link":"https:\/\/politicapatagonica.com\/index.php\/2024\/11\/25\/el-gobierno-romantiza-el-ajuste-se-quejo-la-unter\/","title":{"rendered":"&#8220;El Gobierno romantiza el ajuste&#8221;, se quej\u00f3 el gremio docente de R\u00edo Negro"},"content":{"rendered":"\n<p><strong>La UnTER (Uni\u00f3n de Trabajadores de la Educaci\u00f3n de R\u00edo Negro) critic\u00f3 la falta de oferta salarial en la paritaria. Asegur\u00f3 que el Gobierno &#8220;romantiza el ajuste&#8221; y se &#8220;burla de los trabajadores&#8221;. <\/strong>El gremio re\u00fane su Congreso el jueves, donde analizar\u00e1 las acciones a seguir. No se descartan medidas de fuerza y se complica el final del ciclo lectivo.<\/p>\n\n\n\n<p>&#8220;<strong>El Ministerio de Educaci\u00f3n se burla de los trabajadores de la educaci\u00f3n de R\u00edo Negro<\/strong>, y nuevamente define concurrir a una paritaria tard\u00eda sin propuesta salarial. Repudiamos en\u00e9rgicamente estas maniobras que van en detrimento de la educaci\u00f3n p\u00fablica&#8221;, expres\u00f3 la dirigencia sindical tras la reuni\u00f3n de esta ma\u00f1ana en la Secretar\u00eda de Trabajo. &#8220;Evidentemente, <strong>el gobernador Alberto Weretilneck tiene palabra, ya que cumple la amenaza proferida p\u00fablicamente a la UnTER en Jacobacci, cuando advirti\u00f3: \u2018Quieren ajuste, van a tener ajuste&#8221;.<\/strong><\/p>\n\n\n\n<p>Desde el sindicato reiteraron sus pretensiones: &#8220;<strong>Salarios dignos<\/strong>, una patronal que reconozca nuestro trabajo y le d\u00e9 a la educaci\u00f3n la importancia que merece como pilar fundamental para la sociedad&#8221;.<\/p>\n\n\n\n<p>&#8220;Con la excusa de que la provincia viene teniendo una baja en la recaudaci\u00f3n, el Ministerio s\u00f3lo propuso la correcci\u00f3n de algunas grillas. Y con <strong>el argumento absolutamente falaz de que los trabajadores p\u00fablicos rionegrinos hemos recibido a lo largo de 2024 aumentos superiores a los \u00edndices de inflaci\u00f3n<\/strong>, decidi\u00f3 no hacer una oferta de recomposici\u00f3n salarial para todos los cargos del sistema educativo&#8221;, se quej\u00f3 el gremio.<\/p>\n\n\n\n<p>Y agreg\u00f3: &#8220;Debemos insistir en recordarle al Ministerio que nos debe un aumento salarial que tenga en cuenta la inflaci\u00f3n acumulada desde noviembre de 2023. Parece que se \u2018olvid\u00f3\u2019 de que el \u00faltimo aumento que abon\u00f3 la administraci\u00f3n de Arabela Carreras fue sobre el salario de octubre de 2023. Y pese a que la paritaria homologada ataba los aumentos salariales hasta diciembre a la inflaci\u00f3n determinada por el INDEC, ni la gesti\u00f3n anterior ni la actual liquidaron salarialmente los \u00edndices de IPC correspondientes a los \u00faltimos meses de 2023&#8221;.<\/p>\n\n\n\n<p>&#8220;<strong>Es por esto que los trabajadores de la educaci\u00f3n exigimos una propuesta salarial que no es exclusiva del 2024, sino que comienza en los meses adeudados de noviembre y diciembre 2023. Seg\u00fan la informaci\u00f3n oficial difundida por el INDEC, la inflaci\u00f3n interanual acumulada alcanza el 193%, un porcentaje que supera ampliamente el 168% de aumento que recibi\u00f3 el cargo testigo de maestro de grado en lo que va de 2024&#8243;,<\/strong> aseguraron desde la c\u00fapula de UnTER. &#8220;Y ni hablar de otros cargos, que recibieron porcentajes de aumento significativamente menores y sufrieron una devaluaci\u00f3n total de sus salarios, como por ejemplo los profesores de educaci\u00f3n Secundaria, que desde octubre de 2023 a la fecha tuvieron un incremento de alrededor del 100%, o los instructores de escuela agropecuaria de jornada completa, con un aumento del 83% para el mismo per\u00edodo&#8221;, subrayaron.<\/p>\n\n\n\n<p>Y exhortaron a &#8220;que la se\u00f1ora ministra,<strong> Patricia Campos, explique a las familias que no somos los docentes quienes no queremos trabajar. Que explique a las comunidades educativas que es la desidia del Ministerio que conduce la que no garantiza el derecho a la educaci\u00f3n&#8221;.<\/strong><\/p>\n\n\n\n<p><strong>Fuente: www.adnrionegro.com.ar<\/strong><\/p>\n","protected":false},"excerpt":{"rendered":"<p>La UnTER (Uni\u00f3n de Trabajadores de la Educaci\u00f3n de R\u00edo Negro) critic\u00f3 la falta de oferta salarial en la paritaria. Asegur\u00f3 que el Gobierno &#8220;romantiza el ajuste&#8221; y se &#8220;burla de los trabajadores&#8221;. El gremio re\u00fane su Congreso el jueves, donde analizar\u00e1 las acciones a seguir. No se descartan medidas de fuerza y se complica [&hellip;]<\/p>\n","protected":false},"author":5,"featured_media":5297,"comment_status":"open","ping_status":"open","sticky":false,"template":"","format":"standard","meta":[],"categories":[13],"tags":[],"_links":{"self":[{"href":"https:\/\/politicapatagonica.com\/index.php\/wp-json\/wp\/v2\/posts\/5296"}],"collection":[{"href":"https:\/\/politicapatagonica.com\/index.php\/wp-json\/wp\/v2\/posts"}],"about":[{"href":"https:\/\/politicapatagonica.com\/index.php\/wp-json\/wp\/v2\/types\/post"}],"author":[{"embeddable":true,"href":"https:\/\/politicapatagonica.com\/index.php\/wp-json\/wp\/v2\/users\/5"}],"replies":[{"embeddable":true,"href":"https:\/\/politicapatagonica.com\/index.php\/wp-json\/wp\/v2\/comments?post=5296"}],"version-history":[{"count":3,"href":"https:\/\/politicapatagonica.com\/index.php\/wp-json\/wp\/v2\/posts\/5296\/revisions"}],"predecessor-version":[{"id":5309,"href":"https:\/\/politicapatagonica.com\/index.php\/wp-json\/wp\/v2\/posts\/5296\/revisions\/5309"}],"wp:featuredmedia":[{"embeddable":true,"href":"https:\/\/politicapatagonica.com\/index.php\/wp-json\/wp\/v2\/media\/5297"}],"wp:attachment":[{"href":"https:\/\/politicapatagonica.com\/index.php\/wp-json\/wp\/v2\/media?parent=5296"}],"wp:term":[{"taxonomy":"category","embeddable":true,"href":"https:\/\/politicapatagonica.com\/index.php\/wp-json\/wp\/v2\/categories?post=5296"},{"taxonomy":"post_tag","embeddable":true,"href":"https:\/\/politicapatagonica.com\/index.php\/wp-json\/wp\/v2\/tags?post=5296"}],"curies":[{"name":"wp","href":"https:\/\/api.w.org\/{rel}","templated":true}]}}