{"id":5293,"date":"2024-11-25T19:52:37","date_gmt":"2024-11-25T19:52:37","guid":{"rendered":"https:\/\/politicapatagonica.com\/?p=5293"},"modified":"2024-11-26T13:59:24","modified_gmt":"2024-11-26T13:59:24","slug":"provincia-realizo-el-primer-encuentro-de-genero-y-diversidad","status":"publish","type":"post","link":"https:\/\/politicapatagonica.com\/index.php\/2024\/11\/25\/provincia-realizo-el-primer-encuentro-de-genero-y-diversidad\/","title":{"rendered":"El Gobierno de Chubut realiz\u00f3 el Primer Encuentro de G\u00e9nero y Diversidad"},"content":{"rendered":"\n<p>En el marco del <strong>D\u00eda de la Eliminaci\u00f3n de la Violencia contra la Mujer<\/strong>, que se conmemora cada 25 de noviembre desde 1981, el Gobierno de Chubut que conduce Ignacio &#8220;Nacho&#8221; Torres, llev\u00f3 adelante el Primer Encuentro de G\u00e9nero y Diversidad, en la ciudad de Rawson.\u00a0<\/p>\n\n\n\n<p>El evento reuni\u00f3 a diversas oficinas de <strong>G\u00e9nero y Diversidad<\/strong> de toda la provincia, y fue encabezado por la ministra de Desarrollo Humano y Familia del Chubut, Florencia Papaiani, contando adem\u00e1s con la presencia del intendente local, Dami\u00e1n Biss, personal de la Subsecretar\u00eda de Derechos Humanos y G\u00e9nero, y representantes de distintas instituciones comprometidas con la tem\u00e1tica.<\/p>\n\n\n\n<p><strong>Pol\u00edticas p\u00fablicas<\/strong><\/p>\n\n\n\n<p>Durante el encuentro, la ministra de Desarrollo Humano y Familia, Florencia Papaiani, destac\u00f3 la importancia de fortalecer las pol\u00edticas p\u00fablicas en un contexto nacional &#8220;donde muchas veces las \u00e1reas de G\u00e9nero se encuentran desarticuladas, y los programas y financiamientos frente a esta problem\u00e1tica tienden a discontinuarse&#8221;.<\/p>\n\n\n\n<p>En este sentido, expres\u00f3: &#8220;En un contexto nacional donde las \u00e1reas son desarticuladas, donde los programas y financiamientos dejan de existir frente a una problem\u00e1tica que lamentablemente viene en aumento, el Gobierno de la Provincia de Chubut trabaja en fortalecer y estrechar lazos con las diferentes localidades, para desarrollar verdaderas pol\u00edticas p\u00fablicas que perduren en el tiempo. Tenemos una ley provincial que debemos fortalecer, dotarla de herramientas, y es lo que estamos haciendo desde el Ministerio, en el marco de los lineamientos marcados por el gobernador Ignacio Torres&#8221;.<\/p>\n\n\n\n<p>La actividad reuni\u00f3 a actores clave en la materia, y tuvo como objetivo intercambiar experiencias y reflexionar sobre la necesidad de avanzar en la construcci\u00f3n de pol\u00edticas p\u00fablicas para fortalecer el abordaje de la tem\u00e1tica. Como parte de la jornada, se llevaron a cabo talleres de trabajo enfocados en la promoci\u00f3n de los Derechos Humanos de mujeres y diversidades.<\/p>\n\n\n\n<p><strong>Compromiso con la equidad y el respeto<\/strong><\/p>\n\n\n\n<p>Uno de los momentos m\u00e1s destacados del encuentro fue la entrega de reconocimientos a mujeres y varones trans que han marcado hitos en materia de Derechos Humanos, como muestra de compromiso con la equidad, el respeto y la inclusi\u00f3n.<\/p>\n\n\n\n<p>Asimismo, la ministra Papaiani reconoci\u00f3 el trabajo que lleva adelante el personal a cargo de la L\u00ednea 137, que funciona de lunes a lunes las 24 horas, &#8220;con mucho compromiso y responsabilidad&#8221;, y tambi\u00e9n la labor desempe\u00f1ada por Jazm\u00edn Berra desde la Direcci\u00f3n General de G\u00e9nero y Diversidad de la provincia.<\/p>\n\n\n\n<p>De este modo, el Primer Encuentro de G\u00e9nero y Diversidad de Chubut se present\u00f3 como un paso significativo hacia la consolidaci\u00f3n de pol\u00edticas p\u00fablicas que aborden el combate contra la violencia de g\u00e9nero, promoviendo una sociedad m\u00e1s inclusiva, igualitaria y respetuosa de los derechos humanos de todas las personas, sin distinci\u00f3n de g\u00e9nero o identidad sexual.<\/p>\n\n\n\n<p><strong>Fuente: www.tiemposur.com.ar<\/strong><\/p>\n\n\n\n<p><a href=\"https:\/\/www.tiemposur.com.ar\/info-general\/la-pelea-eterna-entre-taxistas-y-uber\"><\/a><\/p>\n","protected":false},"excerpt":{"rendered":"<p>En el marco del D\u00eda de la Eliminaci\u00f3n de la Violencia contra la Mujer, que se conmemora cada 25 de noviembre desde 1981, el Gobierno de Chubut que conduce Ignacio &#8220;Nacho&#8221; Torres, llev\u00f3 adelante el Primer Encuentro de G\u00e9nero y Diversidad, en la ciudad de Rawson.\u00a0 El evento reuni\u00f3 a diversas oficinas de G\u00e9nero y [&hellip;]<\/p>\n","protected":false},"author":5,"featured_media":5294,"comment_status":"open","ping_status":"open","sticky":false,"template":"","format":"standard","meta":[],"categories":[14],"tags":[],"_links":{"self":[{"href":"https:\/\/politicapatagonica.com\/index.php\/wp-json\/wp\/v2\/posts\/5293"}],"collection":[{"href":"https:\/\/politicapatagonica.com\/index.php\/wp-json\/wp\/v2\/posts"}],"about":[{"href":"https:\/\/politicapatagonica.com\/index.php\/wp-json\/wp\/v2\/types\/post"}],"author":[{"embeddable":true,"href":"https:\/\/politicapatagonica.com\/index.php\/wp-json\/wp\/v2\/users\/5"}],"replies":[{"embeddable":true,"href":"https:\/\/politicapatagonica.com\/index.php\/wp-json\/wp\/v2\/comments?post=5293"}],"version-history":[{"count":2,"href":"https:\/\/politicapatagonica.com\/index.php\/wp-json\/wp\/v2\/posts\/5293\/revisions"}],"predecessor-version":[{"id":5306,"href":"https:\/\/politicapatagonica.com\/index.php\/wp-json\/wp\/v2\/posts\/5293\/revisions\/5306"}],"wp:featuredmedia":[{"embeddable":true,"href":"https:\/\/politicapatagonica.com\/index.php\/wp-json\/wp\/v2\/media\/5294"}],"wp:attachment":[{"href":"https:\/\/politicapatagonica.com\/index.php\/wp-json\/wp\/v2\/media?parent=5293"}],"wp:term":[{"taxonomy":"category","embeddable":true,"href":"https:\/\/politicapatagonica.com\/index.php\/wp-json\/wp\/v2\/categories?post=5293"},{"taxonomy":"post_tag","embeddable":true,"href":"https:\/\/politicapatagonica.com\/index.php\/wp-json\/wp\/v2\/tags?post=5293"}],"curies":[{"name":"wp","href":"https:\/\/api.w.org\/{rel}","templated":true}]}}