{"id":5286,"date":"2024-11-23T00:10:57","date_gmt":"2024-11-23T00:10:57","guid":{"rendered":"https:\/\/politicapatagonica.com\/?p=5286"},"modified":"2024-11-23T00:10:57","modified_gmt":"2024-11-23T00:10:57","slug":"ministra-de-la-produccion-recibio-al-nuevo-vicepresidente-de-senasa","status":"publish","type":"post","link":"https:\/\/politicapatagonica.com\/index.php\/2024\/11\/23\/ministra-de-la-produccion-recibio-al-nuevo-vicepresidente-de-senasa\/","title":{"rendered":"Ministra de la Producci\u00f3n recibi\u00f3 al nuevo vicepresidente de SENASA"},"content":{"rendered":"\n<p><strong>La ministra de la Producci\u00f3n, Fernanda Gonz\u00e1lez, mantuvo un encuentro con el vicepresidente de SENASA, N\u00e9stor Osacar, y el director del Centro Regional La Pampa San Luis, Ezequiel Fern\u00e1ndez, de la cual participaron tambi\u00e9n, el subsecretario de Asuntos Agrarios, Ricardo Baraldi, los directores de Agricultura, Natalia Ovando, de Ganader\u00eda, Marcelo Lluch, y de Recursos Naturales, Carlos Bonnemez\u00f3n, adem\u00e1s del subdirector de Inocuidad, Jorge Dal Bianco, y dem\u00e1s integrantes del organismo nacional, inform\u00f3 un comunicado de prensa oficial.<\/strong><\/p>\n\n\n\n<p>En la reuni\u00f3n fueron analizados diversos temas sobre la continuidad de la gesti\u00f3n, como el est\u00e1ndar \u00fanico en frigor\u00edficos provinciales, la barrera sanitaria, la certificaci\u00f3n de carne de La Pampa, el monitoreo de vi\u00f1edos y la fauna silvestre.<\/p>\n\n\n\n<p>En principio, <strong>se determin\u00f3 realizar una recorrida entre ambos organismos, por los frigor\u00edficos de la Provincia, de lo cual se desprender\u00e1 un informe que va a reflejar el estado de situaci\u00f3n de los mismos.<\/strong><\/p>\n\n\n\n<p>En la oportunidad, adem\u00e1s, se present\u00f3 el proyecto que la Provincia est\u00e1 llevando adelante con el objetivo de <strong>certificar el atributo carne de La Pampa, para la gesti\u00f3n del mismo ser\u00eda necesario el sistema de trazabilidad del SENASA. <\/strong>El vicepresidente de dicho organismo, por su parte, inform\u00e1ndose sobre el proyecto, qued\u00f3 en evaluarlo, por lo cual pas\u00f3 a comunicar el fortalecimiento del sistema de trazabilidad respecto de las caravanas electr\u00f3nicas y su implementaci\u00f3n por categor\u00edas y tiempo.<\/p>\n\n\n\n<p>Otro tema analizado fue respecto de la sanidad vegetal; en relaci\u00f3n con ello, <strong>Osacar comunic\u00f3 que si bien el PROCEM (Programa Nacional de Control y Erradicaci\u00f3n de Mosca de los Frutos), sigue en vigencia, se dejar\u00e1 de realizar la vigilancia y control de plaga cuarentenaria<\/strong>, conocida como <strong>mosca de la fruta<\/strong>, programa que en la Provincia se realiza principalmente en el \u00e1rea bajo riego, donde se encuentra implantada la mayor superficie con vi\u00f1edos.<\/p>\n\n\n\n<p>&#8220;Esta decisi\u00f3n afecta la posibilidad del paso de uva a la regi\u00f3n de Cuyo y resto de la Patagonia, donde las empresas tienen emplazadas sus bodegas&#8221;, se\u00f1al\u00f3 la directora de Agricultura.<\/p>\n\n\n\n<p><strong>Fuente: www.eldiariodelapampa.com.ar<\/strong><\/p>\n","protected":false},"excerpt":{"rendered":"<p>La ministra de la Producci\u00f3n, Fernanda Gonz\u00e1lez, mantuvo un encuentro con el vicepresidente de SENASA, N\u00e9stor Osacar, y el director del Centro Regional La Pampa San Luis, Ezequiel Fern\u00e1ndez, de la cual participaron tambi\u00e9n, el subsecretario de Asuntos Agrarios, Ricardo Baraldi, los directores de Agricultura, Natalia Ovando, de Ganader\u00eda, Marcelo Lluch, y de Recursos Naturales, [&hellip;]<\/p>\n","protected":false},"author":5,"featured_media":5287,"comment_status":"open","ping_status":"open","sticky":false,"template":"","format":"standard","meta":[],"categories":[10],"tags":[],"_links":{"self":[{"href":"https:\/\/politicapatagonica.com\/index.php\/wp-json\/wp\/v2\/posts\/5286"}],"collection":[{"href":"https:\/\/politicapatagonica.com\/index.php\/wp-json\/wp\/v2\/posts"}],"about":[{"href":"https:\/\/politicapatagonica.com\/index.php\/wp-json\/wp\/v2\/types\/post"}],"author":[{"embeddable":true,"href":"https:\/\/politicapatagonica.com\/index.php\/wp-json\/wp\/v2\/users\/5"}],"replies":[{"embeddable":true,"href":"https:\/\/politicapatagonica.com\/index.php\/wp-json\/wp\/v2\/comments?post=5286"}],"version-history":[{"count":1,"href":"https:\/\/politicapatagonica.com\/index.php\/wp-json\/wp\/v2\/posts\/5286\/revisions"}],"predecessor-version":[{"id":5288,"href":"https:\/\/politicapatagonica.com\/index.php\/wp-json\/wp\/v2\/posts\/5286\/revisions\/5288"}],"wp:featuredmedia":[{"embeddable":true,"href":"https:\/\/politicapatagonica.com\/index.php\/wp-json\/wp\/v2\/media\/5287"}],"wp:attachment":[{"href":"https:\/\/politicapatagonica.com\/index.php\/wp-json\/wp\/v2\/media?parent=5286"}],"wp:term":[{"taxonomy":"category","embeddable":true,"href":"https:\/\/politicapatagonica.com\/index.php\/wp-json\/wp\/v2\/categories?post=5286"},{"taxonomy":"post_tag","embeddable":true,"href":"https:\/\/politicapatagonica.com\/index.php\/wp-json\/wp\/v2\/tags?post=5286"}],"curies":[{"name":"wp","href":"https:\/\/api.w.org\/{rel}","templated":true}]}}