{"id":5277,"date":"2024-11-22T20:35:15","date_gmt":"2024-11-22T20:35:15","guid":{"rendered":"https:\/\/politicapatagonica.com\/?p=5277"},"modified":"2024-11-25T13:24:56","modified_gmt":"2024-11-25T13:24:56","slug":"vuoto-convoco-al-ushuaia-bureau-y-camaras-para-tratar-el-proyecto-enutur","status":"publish","type":"post","link":"https:\/\/politicapatagonica.com\/index.php\/2024\/11\/22\/vuoto-convoco-al-ushuaia-bureau-y-camaras-para-tratar-el-proyecto-enutur\/","title":{"rendered":"El intendente Walter Vuoto quiere avanzar en la creaci\u00f3n del Ente Ushuaia Turismo"},"content":{"rendered":"\n<p><br>El intendente de Ushuaia, <strong>Walter Vuoto<\/strong>, convoc\u00f3 al Ushuaia Bureau a una reuni\u00f3n para tratar en ese \u00e1mbito diversos aspectos relacionados a la creaci\u00f3n del <strong>ENUTUR <\/strong>(Ente Ushuaia Turismo).<\/p>\n\n\n\n<p>En la convocatoria, dirigida a Marcelo Lietti -actual presidente del Bureau- se cita a un encuentro que se llevar\u00e1 adelante este lunes por la tarde en el Centro Cultural Actuar, ubicado en calle Independencia al 700 (barrio Bah\u00eda Golondrina).<\/p>\n\n\n\n<p>Dicha reuni\u00f3n est\u00e1 convocada a los fines de \u201canalizar los v\u00ednculos entre el ENUTUR y el Bureau para continuar potenciando a Ushuaia como ciudad tur\u00edstica\u201d.<\/p>\n\n\n\n<p>En el encuentro tambi\u00e9n participar\u00e1n funcionarios del Ejecutivo Municipal y concejales de la ciudad.<\/p>\n\n\n\n<p><strong>Fuente: www.eldiariodelfindelmundo.com<\/strong><\/p>\n","protected":false},"excerpt":{"rendered":"<p>El intendente de Ushuaia, Walter Vuoto, convoc\u00f3 al Ushuaia Bureau a una reuni\u00f3n para tratar en ese \u00e1mbito diversos aspectos relacionados a la creaci\u00f3n del ENUTUR (Ente Ushuaia Turismo). En la convocatoria, dirigida a Marcelo Lietti -actual presidente del Bureau- se cita a un encuentro que se llevar\u00e1 adelante este lunes por la tarde en [&hellip;]<\/p>\n","protected":false},"author":5,"featured_media":5278,"comment_status":"open","ping_status":"open","sticky":false,"template":"","format":"standard","meta":[],"categories":[11],"tags":[],"_links":{"self":[{"href":"https:\/\/politicapatagonica.com\/index.php\/wp-json\/wp\/v2\/posts\/5277"}],"collection":[{"href":"https:\/\/politicapatagonica.com\/index.php\/wp-json\/wp\/v2\/posts"}],"about":[{"href":"https:\/\/politicapatagonica.com\/index.php\/wp-json\/wp\/v2\/types\/post"}],"author":[{"embeddable":true,"href":"https:\/\/politicapatagonica.com\/index.php\/wp-json\/wp\/v2\/users\/5"}],"replies":[{"embeddable":true,"href":"https:\/\/politicapatagonica.com\/index.php\/wp-json\/wp\/v2\/comments?post=5277"}],"version-history":[{"count":3,"href":"https:\/\/politicapatagonica.com\/index.php\/wp-json\/wp\/v2\/posts\/5277\/revisions"}],"predecessor-version":[{"id":5292,"href":"https:\/\/politicapatagonica.com\/index.php\/wp-json\/wp\/v2\/posts\/5277\/revisions\/5292"}],"wp:featuredmedia":[{"embeddable":true,"href":"https:\/\/politicapatagonica.com\/index.php\/wp-json\/wp\/v2\/media\/5278"}],"wp:attachment":[{"href":"https:\/\/politicapatagonica.com\/index.php\/wp-json\/wp\/v2\/media?parent=5277"}],"wp:term":[{"taxonomy":"category","embeddable":true,"href":"https:\/\/politicapatagonica.com\/index.php\/wp-json\/wp\/v2\/categories?post=5277"},{"taxonomy":"post_tag","embeddable":true,"href":"https:\/\/politicapatagonica.com\/index.php\/wp-json\/wp\/v2\/tags?post=5277"}],"curies":[{"name":"wp","href":"https:\/\/api.w.org\/{rel}","templated":true}]}}