{"id":5262,"date":"2024-11-21T20:46:24","date_gmt":"2024-11-21T20:46:24","guid":{"rendered":"https:\/\/politicapatagonica.com\/?p=5262"},"modified":"2024-11-22T15:56:41","modified_gmt":"2024-11-22T15:56:41","slug":"el-gobernador-destaco-junto-a-diputados-la-aprobacion-del-codigo-electoral-del-chubut","status":"publish","type":"post","link":"https:\/\/politicapatagonica.com\/index.php\/2024\/11\/21\/el-gobernador-destaco-junto-a-diputados-la-aprobacion-del-codigo-electoral-del-chubut\/","title":{"rendered":"Nacho Torres destac\u00f3 junto a diputados la aprobaci\u00f3n del C\u00f3digo Electoral del Chubut"},"content":{"rendered":"\n<p><strong>La\u00a0aprobaci\u00f3n del C\u00f3digo Electoral del Chubut se desarroll\u00f3 en\u00a0el sector \u201cPasos Perdidos\u201d de la Legislatura provincial y fue encabezada\u00a0por el gobernador Ignacio Torres<\/strong>, quien estuvo\u00a0acompa\u00f1ado por el vicegobernador Gustavo Menna y los presidentes de los bloques de la C\u00e1mara de Diputados provinciales.<\/p>\n\n\n\n<p>En la ocasi\u00f3n se compartieron conclusiones de parte de los legisladores tras la aprobaci\u00f3n del <strong>C\u00f3digo Electoral del Chubut<\/strong> en la sesi\u00f3n desarrollada este jueves por la ma\u00f1ana.<\/p>\n\n\n\n<p>En la mesa estuvo presente&nbsp;<strong>Alejandro Tullio, exdirector Nacional Electoral, quien puso en valor la tarea desarrollada en la Legislatura, ya que &#8220;me hace reconectar con la esperanza&#8221; y enfatiz\u00f3 que el Ejecutivo provincial &#8220;construye de manera participativa&#8221;.<\/strong><\/p>\n\n\n\n<blockquote class=\"wp-block-quote\">\n<h3>&#8220;No siempre se recurre a la apertura de la discusi\u00f3n para legitimar procesos. Muchas veces los Ejecutivos se apegan a lo que env\u00edan y ac\u00e1&nbsp;<strong>hubo grandeza, generosidad y mucha dedicaci\u00f3n&#8221;,&nbsp;<\/strong>enfatiz\u00f3.<\/h3>\n<\/blockquote>\n\n\n\n<p><strong>&#8220;Han dado un paso hist\u00f3rico porque es una deuda que ten\u00edan,&nbsp;pero se ratifica un camino de consensos y renuncias&#8221;,<\/strong> valor\u00f3 y puso en valor que &#8220;una de las cuestiones m\u00e1s notorias es que se ha tratado de eliminar todo tipo de obst\u00e1culos para la participaci\u00f3n&#8221;.<\/p>\n\n\n\n<p>Por su parte, el\u00a0<strong>gobernador Torres\u00a0<\/strong>destac\u00f3 que la jornada &#8220;es emocionante por el contenido, pero la forma en la que se trat\u00f3&#8221;, y puso en valor que con este C\u00f3digo electoral<strong> &#8220;estamos sentando las bases para reglas de juego claras&#8221;.<\/strong><\/p>\n\n\n\n<p><strong>En este sentido, Torres puso en valor que &#8220;la vocaci\u00f3n reformista no es por conveniencia, sino por querer hacer las cosas bien&#8221;.<\/strong><\/p>\n\n\n\n<p>Valor\u00f3 en este sentido el rol del Poder Legislativo, que &#8220;levanta&nbsp;la vara -y- muestra&nbsp;que se trabaja y estudian los temas,&nbsp;con contenido y convicciones&#8221;.<\/p>\n\n\n\n<p><strong>Consider\u00f3 que el C\u00f3digo sienta &#8220;las bases para que nunca m\u00e1s un chubutense entre a un cuarto oscuro y no encuentre una boleta, o que un chubutense que defienda una idea&nbsp;se frustre por no tener el dinero o el aparato&#8221;.<\/strong><\/p>\n\n\n\n<p>&#8220;Esto es un salto de calidad enorme. Esto es un ejemplo de Chubut para la Naci\u00f3n, de que cuando hay vocaci\u00f3n de hacer las cosas bien no hay que tenerle miedo al debate. <strong>Gobernar es explicar, no confrontar sistem\u00e1ticamente con enemigos imaginarios<\/strong>.&nbsp;<strong>Hoy Chubut es una provincia un poco m\u00e1s justa que ayer&#8221;<\/strong>, cerr\u00f3.<\/p>\n\n\n\n<p><strong>Fuente: www.elchubut.com.ar<\/strong><\/p>\n","protected":false},"excerpt":{"rendered":"<p>La\u00a0aprobaci\u00f3n del C\u00f3digo Electoral del Chubut se desarroll\u00f3 en\u00a0el sector \u201cPasos Perdidos\u201d de la Legislatura provincial y fue encabezada\u00a0por el gobernador Ignacio Torres, quien estuvo\u00a0acompa\u00f1ado por el vicegobernador Gustavo Menna y los presidentes de los bloques de la C\u00e1mara de Diputados provinciales. En la ocasi\u00f3n se compartieron conclusiones de parte de los legisladores tras la [&hellip;]<\/p>\n","protected":false},"author":5,"featured_media":5263,"comment_status":"open","ping_status":"open","sticky":false,"template":"","format":"standard","meta":[],"categories":[14],"tags":[],"_links":{"self":[{"href":"https:\/\/politicapatagonica.com\/index.php\/wp-json\/wp\/v2\/posts\/5262"}],"collection":[{"href":"https:\/\/politicapatagonica.com\/index.php\/wp-json\/wp\/v2\/posts"}],"about":[{"href":"https:\/\/politicapatagonica.com\/index.php\/wp-json\/wp\/v2\/types\/post"}],"author":[{"embeddable":true,"href":"https:\/\/politicapatagonica.com\/index.php\/wp-json\/wp\/v2\/users\/5"}],"replies":[{"embeddable":true,"href":"https:\/\/politicapatagonica.com\/index.php\/wp-json\/wp\/v2\/comments?post=5262"}],"version-history":[{"count":3,"href":"https:\/\/politicapatagonica.com\/index.php\/wp-json\/wp\/v2\/posts\/5262\/revisions"}],"predecessor-version":[{"id":5276,"href":"https:\/\/politicapatagonica.com\/index.php\/wp-json\/wp\/v2\/posts\/5262\/revisions\/5276"}],"wp:featuredmedia":[{"embeddable":true,"href":"https:\/\/politicapatagonica.com\/index.php\/wp-json\/wp\/v2\/media\/5263"}],"wp:attachment":[{"href":"https:\/\/politicapatagonica.com\/index.php\/wp-json\/wp\/v2\/media?parent=5262"}],"wp:term":[{"taxonomy":"category","embeddable":true,"href":"https:\/\/politicapatagonica.com\/index.php\/wp-json\/wp\/v2\/categories?post=5262"},{"taxonomy":"post_tag","embeddable":true,"href":"https:\/\/politicapatagonica.com\/index.php\/wp-json\/wp\/v2\/tags?post=5262"}],"curies":[{"name":"wp","href":"https:\/\/api.w.org\/{rel}","templated":true}]}}