{"id":5258,"date":"2024-11-21T20:35:41","date_gmt":"2024-11-21T20:35:41","guid":{"rendered":"https:\/\/politicapatagonica.com\/?p=5258"},"modified":"2024-11-22T15:52:33","modified_gmt":"2024-11-22T15:52:33","slug":"figueroa-inauguro-una-sucursal-de-la-anonima-e-hizo-enfasis-en-el-desarrollo-de-la-economia-local","status":"publish","type":"post","link":"https:\/\/politicapatagonica.com\/index.php\/2024\/11\/21\/figueroa-inauguro-una-sucursal-de-la-anonima-e-hizo-enfasis-en-el-desarrollo-de-la-economia-local\/","title":{"rendered":"Figueroa inaugur\u00f3 una sucursal de La An\u00f3nima e hizo \u00e9nfasis en el desarrollo de la econom\u00eda local"},"content":{"rendered":"\n<p><a href=\"mailto:?Subject=Figueroa+inaugur%C3%B3+una+sucursal+de+La+An%C3%B3nima+e+hizo+%C3%A9nfasis+en+el+desarrollo+de+la+econom%C3%ADa+local&amp;Body=https%3A%2F%2Fwww.diarioneuquen.com.ar%2Ffigueroa-inauguro-una-sucursal-de-la-anonima-e-hizo-enfasis-en-el-desarrollo-de-la-economia-local%2F\"><\/a><strong>El gobernador de Neuqu\u00e9n, Rolando Figueroa, destac\u00f3 la importancia de fomentar el empleo local <\/strong>y el apoyo a los emprendedores de la regi\u00f3n, resaltando la necesidad de adaptarse y comprender la cadena de valor para ser competitivos en el mercado. \u201cQueremos que siempre se genere empleo local y, por supuesto, tambi\u00e9n la compra a los emprendedores locales. Pero para <strong>ser competitivos, tenemos que desarrollarnos, entender la cadena de valor y saber cu\u00e1l es el volumen que podemos alcanzar<\/strong>\u201d, afirm\u00f3. <\/p>\n\n\n\n<p>Adem\u00e1s, subray\u00f3 la relevancia de la formaci\u00f3n laboral para que los neuquinos aprovechen las nuevas oportunidades: \u201cEl neuquino est\u00e1 dispuesto a hacer estos sacrificios y a trabajar con el empresario para potenciarse\u201d.<\/p>\n\n\n\n<p>En cuanto al empleo p\u00fablico, <strong>Figueroa destac\u00f3 el acuerdo salarial alcanzado con los gremios estatales para 2025, calific\u00e1ndolo como un avance in\u00e9dito a nivel nacional. \u201cEs la \u00fanica provincia de la Rep\u00fablica Argentina que eleva un Presupuesto con la pauta salarial del a\u00f1o siguiente totalmente cerrada\u201d, <\/strong>explic\u00f3. Este acuerdo, seg\u00fan el gobernador, brinda previsibilidad tanto al gobierno como a los ciudadanos, ya que las obras incluidas en el Presupuesto para 2025 contar\u00e1n con financiamiento garantizado y reglas claras.<\/p>\n\n\n\n<p>Por otro lado, la apertura de una<strong> nueva sucursal de La An\u00f3nima en la calle Chos Malal 266,<\/strong> con una superficie de 1.200 metros cuadrados, 74 cocheras y tecnolog\u00eda avanzada en sus sistemas de cajas, promete ampliar la oferta comercial en la localidad y generar nuevos puestos de trabajo para los residentes.<\/p>\n\n\n\n<p><strong>Fuente: www.diarioneuquen.com.ar<\/strong><\/p>\n","protected":false},"excerpt":{"rendered":"<p>El gobernador de Neuqu\u00e9n, Rolando Figueroa, destac\u00f3 la importancia de fomentar el empleo local y el apoyo a los emprendedores de la regi\u00f3n, resaltando la necesidad de adaptarse y comprender la cadena de valor para ser competitivos en el mercado. \u201cQueremos que siempre se genere empleo local y, por supuesto, tambi\u00e9n la compra a los [&hellip;]<\/p>\n","protected":false},"author":5,"featured_media":5259,"comment_status":"open","ping_status":"open","sticky":false,"template":"","format":"standard","meta":[],"categories":[9],"tags":[],"_links":{"self":[{"href":"https:\/\/politicapatagonica.com\/index.php\/wp-json\/wp\/v2\/posts\/5258"}],"collection":[{"href":"https:\/\/politicapatagonica.com\/index.php\/wp-json\/wp\/v2\/posts"}],"about":[{"href":"https:\/\/politicapatagonica.com\/index.php\/wp-json\/wp\/v2\/types\/post"}],"author":[{"embeddable":true,"href":"https:\/\/politicapatagonica.com\/index.php\/wp-json\/wp\/v2\/users\/5"}],"replies":[{"embeddable":true,"href":"https:\/\/politicapatagonica.com\/index.php\/wp-json\/wp\/v2\/comments?post=5258"}],"version-history":[{"count":3,"href":"https:\/\/politicapatagonica.com\/index.php\/wp-json\/wp\/v2\/posts\/5258\/revisions"}],"predecessor-version":[{"id":5273,"href":"https:\/\/politicapatagonica.com\/index.php\/wp-json\/wp\/v2\/posts\/5258\/revisions\/5273"}],"wp:featuredmedia":[{"embeddable":true,"href":"https:\/\/politicapatagonica.com\/index.php\/wp-json\/wp\/v2\/media\/5259"}],"wp:attachment":[{"href":"https:\/\/politicapatagonica.com\/index.php\/wp-json\/wp\/v2\/media?parent=5258"}],"wp:term":[{"taxonomy":"category","embeddable":true,"href":"https:\/\/politicapatagonica.com\/index.php\/wp-json\/wp\/v2\/categories?post=5258"},{"taxonomy":"post_tag","embeddable":true,"href":"https:\/\/politicapatagonica.com\/index.php\/wp-json\/wp\/v2\/tags?post=5258"}],"curies":[{"name":"wp","href":"https:\/\/api.w.org\/{rel}","templated":true}]}}