{"id":5255,"date":"2024-11-20T22:47:09","date_gmt":"2024-11-20T22:47:09","guid":{"rendered":"https:\/\/politicapatagonica.com\/?p=5255"},"modified":"2024-11-22T15:49:37","modified_gmt":"2024-11-22T15:49:37","slug":"hernandez-y-ramello-con-mejor-imagen-en-el-valle-medio","status":"publish","type":"post","link":"https:\/\/politicapatagonica.com\/index.php\/2024\/11\/20\/hernandez-y-ramello-con-mejor-imagen-en-el-valle-medio\/","title":{"rendered":"Hern\u00e1ndez y Ramello son los intendentes rionegrinos con mejor imagen en el Valle Medio"},"content":{"rendered":"\n<p><strong>Sergio Hern\u00e1ndez (PJ), intendente de Lamarque, y Diego Ramello (JSRN), de Choele Choel, son los jefes comunales con mejor imagen en el Valle Medio<\/strong>.<strong> <\/strong>El primero tiene 48 puntos positivos y 35 negativos (+13) y el segundo, 47 puntos de imagen positiva y 37 negativa (+10), mientras que Robin del R\u00edo, de Luis Beltr\u00e1n iguala en 40 puntos positivos y el mismo n\u00famero en negativo.<\/p>\n\n\n\n<p>Los datos corresponden a una encuesta relevada por la consultora de Ricardo Vignoni en las localidades de Lamarque, Choele Choel y Luis Beltr\u00e1n, que evalu\u00f3 el estado de \u00e1nimo de la poblaci\u00f3n, sus preocupaciones principales, y la percepci\u00f3n sobre pol\u00edticos locales y gobernantes.<\/p>\n\n\n\n<p><strong>Entre los pol\u00edticos locales, Jos\u00e9 Mar\u00eda Apud, de Luis Beltr\u00e1n, lidera con una imagen positiva del 58%, seguido de Daniel Belloso, de Choele Choel, 56%, seguidos por Gustavo Altamira: 52% y Humberto Krenz, 40%<\/strong><\/p>\n\n\n\n<p>El gobernador <strong>Alberto Weretilneck tiene en conjunto en estas localidades del Valle Medio, el 45 de imagen positiva<\/strong> y el presidente Javier Milei, alcanza el 48 % positivo.<\/p>\n\n\n\n<p>Este relevamiento<strong> traduce un marcado optimismo <\/strong>respecto al pr\u00f3ximo a\u00f1o, ya que la mayor\u00eda cree que estar\u00e1n mejor. Sin embargo, las principales preocupaciones de la poblaci\u00f3n se centran en la econom\u00eda personal, la atenci\u00f3n de la salud y la falta de trabajo.<\/p>\n\n\n\n<figure class=\"wp-block-image\"><img decoding=\"async\" src=\"https:\/\/i0.wp.com\/www.adnrionegro.com.ar\/wp-content\/uploads\/2024\/11\/cuadro-1.png?resize=396%2C466&amp;ssl=1\" alt=\"\" class=\"wp-image-288436\"\/><\/figure>\n\n\n\n<figure class=\"wp-block-image\"><img decoding=\"async\" src=\"https:\/\/i0.wp.com\/www.adnrionegro.com.ar\/wp-content\/uploads\/2024\/11\/cuadro2.png?resize=697%2C579&amp;ssl=1\" alt=\"\" class=\"wp-image-288437\"\/><\/figure>\n\n\n\n<p><strong>Fuente: adnrionegro.com.ar<\/strong><\/p>\n","protected":false},"excerpt":{"rendered":"<p>Sergio Hern\u00e1ndez (PJ), intendente de Lamarque, y Diego Ramello (JSRN), de Choele Choel, son los jefes comunales con mejor imagen en el Valle Medio. El primero tiene 48 puntos positivos y 35 negativos (+13) y el segundo, 47 puntos de imagen positiva y 37 negativa (+10), mientras que Robin del R\u00edo, de Luis Beltr\u00e1n iguala [&hellip;]<\/p>\n","protected":false},"author":5,"featured_media":5256,"comment_status":"open","ping_status":"open","sticky":false,"template":"","format":"standard","meta":[],"categories":[13],"tags":[],"_links":{"self":[{"href":"https:\/\/politicapatagonica.com\/index.php\/wp-json\/wp\/v2\/posts\/5255"}],"collection":[{"href":"https:\/\/politicapatagonica.com\/index.php\/wp-json\/wp\/v2\/posts"}],"about":[{"href":"https:\/\/politicapatagonica.com\/index.php\/wp-json\/wp\/v2\/types\/post"}],"author":[{"embeddable":true,"href":"https:\/\/politicapatagonica.com\/index.php\/wp-json\/wp\/v2\/users\/5"}],"replies":[{"embeddable":true,"href":"https:\/\/politicapatagonica.com\/index.php\/wp-json\/wp\/v2\/comments?post=5255"}],"version-history":[{"count":2,"href":"https:\/\/politicapatagonica.com\/index.php\/wp-json\/wp\/v2\/posts\/5255\/revisions"}],"predecessor-version":[{"id":5271,"href":"https:\/\/politicapatagonica.com\/index.php\/wp-json\/wp\/v2\/posts\/5255\/revisions\/5271"}],"wp:featuredmedia":[{"embeddable":true,"href":"https:\/\/politicapatagonica.com\/index.php\/wp-json\/wp\/v2\/media\/5256"}],"wp:attachment":[{"href":"https:\/\/politicapatagonica.com\/index.php\/wp-json\/wp\/v2\/media?parent=5255"}],"wp:term":[{"taxonomy":"category","embeddable":true,"href":"https:\/\/politicapatagonica.com\/index.php\/wp-json\/wp\/v2\/categories?post=5255"},{"taxonomy":"post_tag","embeddable":true,"href":"https:\/\/politicapatagonica.com\/index.php\/wp-json\/wp\/v2\/tags?post=5255"}],"curies":[{"name":"wp","href":"https:\/\/api.w.org\/{rel}","templated":true}]}}