{"id":5235,"date":"2024-11-19T21:39:34","date_gmt":"2024-11-19T21:39:34","guid":{"rendered":"https:\/\/politicapatagonica.com\/?p=5235"},"modified":"2024-11-20T13:59:39","modified_gmt":"2024-11-20T13:59:39","slug":"claudio-vidal-la-decision-politica-es-que-no-toman-un-puerto-mas","status":"publish","type":"post","link":"https:\/\/politicapatagonica.com\/index.php\/2024\/11\/19\/claudio-vidal-la-decision-politica-es-que-no-toman-un-puerto-mas\/","title":{"rendered":"Claudio Vidal sobre el bloque en Puerto Deseado: \u201cLa decisi\u00f3n pol\u00edtica es que no toman un puerto m\u00e1s\u201d"},"content":{"rendered":"\n<p>El\u00a0<strong>Gobierno de Santa Cruz <\/strong>realiz\u00f3 la denuncia en el\u00a0<strong>Juzgado Federal\u00a0<\/strong>de<strong>\u00a0Caleta Olivia\u00a0<\/strong>-a cargo de\u00a0<strong>Marta Y\u00e1\u00f1ez<\/strong>\u2013 para solicitar que se investiguen los \u00faltimos acontecimientos sucedidos en la terminal mar\u00edtima de\u00a0<strong>Puerto Deseado<\/strong>.\u00a0La presentaci\u00f3n fue realizada por el propio gobernador,\u00a0<strong>Claudio Vidal<\/strong>, y el ministro de Producci\u00f3n,\u00a0<strong>Gustavo Mart\u00ednez<\/strong>.<\/p>\n\n\n\n<p>El gobernador precis\u00f3 \u201c<strong>no estar de acuerdo<\/strong>\u00a0con lo que\u00a0<strong>sucede<\/strong>\u00a0en\u00a0<strong>Puerto Deseado<\/strong>, la Provincia necesita<strong>\u00a0reestructurar su econom\u00eda\u00a0<\/strong>y de la \u00fanica forma que eso suceda es en base a la producci\u00f3n y generaci\u00f3n de empleo\u201d.<\/p>\n\n\n\n<p>Destac\u00f3 que hay&nbsp;<strong>inversiones&nbsp;<\/strong>que quieren llegar a la provincia desde otro pa\u00edses pero \u201ccuando&nbsp;<strong>no se mantiene la paz social es dif\u00edcil<\/strong>\u201c, \u201caqu\u00ed&nbsp;<strong>est\u00e1 siempre metida la pol\u00edtica<\/strong>, lamentablemente\u201d.<\/p>\n\n\n\n<p>Precis\u00f3 que \u201cno es casualidad que ahora que&nbsp;<strong>existen propuestas interesantes<\/strong>&nbsp;para desarrollar la actividad pesquera<strong>&nbsp;aparecen de golpe puntos de conflicto<\/strong>&nbsp;y rompen con la paz social\u201d, \u201cempresas que operan no pueden hacerlo por dos o tres que claramente son mandados\u201d, agreg\u00f3.<\/p>\n\n\n\n<p>Vidal<strong>\u00a0<\/strong>marc\u00f3: \u201c<strong>No me toman un solo puerto m\u00e1s<\/strong>, y la Provincia\u00a0<strong>garantizar\u00e1<\/strong>\u00a0<strong>la\u00a0paz social<\/strong>\u00a0y el buen funcionamiento de los puertos\u201d, \u201cla decisi\u00f3n pol\u00edtica de este gobierno es que\u00a0no me toman un solo puerto m\u00e1s por m\u00e1s\u00a0que est\u00e9n dirigentes nacionales metidos en distintas maniobras para que nuestros puertos no funcionen\u201d.<\/p>\n\n\n\n<p>Repas\u00f3 que en las \u00faltimas semanas logr\u00f3 \u201cconseguir inversiones, se puso en marcha una planta que estuvo cerrada durante 14 a\u00f1os, hay nuevos trabajadores, \u00bfqu\u00e9 casualidad, no?\u201d, dijo el Gobernador.<\/p>\n\n\n\n<p>Insisti\u00f3 en su postura de abrir la&nbsp;<strong>milla 201<\/strong>&nbsp;para brindar servicios a los buques pesqueros y asegur\u00f3 que es una mirada compartida con gobernadores de la Patagonia.<\/p>\n\n\n\n<p><strong>Fuente: www.laopinionaustral.com.ar<\/strong><\/p>\n","protected":false},"excerpt":{"rendered":"<p>El\u00a0Gobierno de Santa Cruz realiz\u00f3 la denuncia en el\u00a0Juzgado Federal\u00a0de\u00a0Caleta Olivia\u00a0-a cargo de\u00a0Marta Y\u00e1\u00f1ez\u2013 para solicitar que se investiguen los \u00faltimos acontecimientos sucedidos en la terminal mar\u00edtima de\u00a0Puerto Deseado.\u00a0La presentaci\u00f3n fue realizada por el propio gobernador,\u00a0Claudio Vidal, y el ministro de Producci\u00f3n,\u00a0Gustavo Mart\u00ednez. El gobernador precis\u00f3 \u201cno estar de acuerdo\u00a0con lo que\u00a0sucede\u00a0en\u00a0Puerto Deseado, la Provincia [&hellip;]<\/p>\n","protected":false},"author":5,"featured_media":5236,"comment_status":"open","ping_status":"open","sticky":false,"template":"","format":"standard","meta":[],"categories":[8],"tags":[],"_links":{"self":[{"href":"https:\/\/politicapatagonica.com\/index.php\/wp-json\/wp\/v2\/posts\/5235"}],"collection":[{"href":"https:\/\/politicapatagonica.com\/index.php\/wp-json\/wp\/v2\/posts"}],"about":[{"href":"https:\/\/politicapatagonica.com\/index.php\/wp-json\/wp\/v2\/types\/post"}],"author":[{"embeddable":true,"href":"https:\/\/politicapatagonica.com\/index.php\/wp-json\/wp\/v2\/users\/5"}],"replies":[{"embeddable":true,"href":"https:\/\/politicapatagonica.com\/index.php\/wp-json\/wp\/v2\/comments?post=5235"}],"version-history":[{"count":3,"href":"https:\/\/politicapatagonica.com\/index.php\/wp-json\/wp\/v2\/posts\/5235\/revisions"}],"predecessor-version":[{"id":5246,"href":"https:\/\/politicapatagonica.com\/index.php\/wp-json\/wp\/v2\/posts\/5235\/revisions\/5246"}],"wp:featuredmedia":[{"embeddable":true,"href":"https:\/\/politicapatagonica.com\/index.php\/wp-json\/wp\/v2\/media\/5236"}],"wp:attachment":[{"href":"https:\/\/politicapatagonica.com\/index.php\/wp-json\/wp\/v2\/media?parent=5235"}],"wp:term":[{"taxonomy":"category","embeddable":true,"href":"https:\/\/politicapatagonica.com\/index.php\/wp-json\/wp\/v2\/categories?post=5235"},{"taxonomy":"post_tag","embeddable":true,"href":"https:\/\/politicapatagonica.com\/index.php\/wp-json\/wp\/v2\/tags?post=5235"}],"curies":[{"name":"wp","href":"https:\/\/api.w.org\/{rel}","templated":true}]}}