{"id":5231,"date":"2024-11-19T20:45:07","date_gmt":"2024-11-19T20:45:07","guid":{"rendered":"https:\/\/politicapatagonica.com\/?p=5231"},"modified":"2024-11-20T13:53:37","modified_gmt":"2024-11-20T13:53:37","slug":"eliminacion-de-cargos-y-nuevo-esquema-de-ingresos-al-estado","status":"publish","type":"post","link":"https:\/\/politicapatagonica.com\/index.php\/2024\/11\/19\/eliminacion-de-cargos-y-nuevo-esquema-de-ingresos-al-estado\/","title":{"rendered":"El gobernador de Chubut eliminar\u00e1 168 cargos en la estructura pol\u00edtica del Ejecutivo"},"content":{"rendered":"\n<p>El gobernador de Chubut, Ignacio \u201cNacho\u201d Torres, present\u00f3 los resultados finales del Censo de Empleados P\u00fablicos implementado por el Ejecutivo para la administraci\u00f3n y reorganizaci\u00f3n interna del Estado.<strong> <\/strong>De acuerdo a los datos recabados, <strong>hay cerca de 5.000 agentes adscriptos y de ellos, 250 trabajadores prestan servicio fuera del \u00e1mbito provincial. \u201cEstamos sentando las bases para que no haya m\u00e1s \u00f1oquis ni estafadores en todo Chubut\u201d<\/strong>, asegur\u00f3.\u00a0<\/p>\n\n\n\n<p>En una conferencia de prensa que brind\u00f3 junto al <strong>vicegobernador Gustavo Menna y al ministro de Econom\u00eda, Andr\u00e9s Meiszner;<\/strong> el mandatario ratific\u00f3 la obligatoriedad de los concursos para recategorizaciones, reubicaciones y puestos jer\u00e1rquicos; y confirm\u00f3 la implementaci\u00f3n de la <strong>Ley 3&#215;1 que habilita un ingreso al Estado por cada tres cargos vacantes<\/strong>.<\/p>\n\n\n\n<p>Ante funcionarios y representantes de distintos gremios estatales, Torres asegur\u00f3 adem\u00e1s que \u201cno va a entrar absolutamente nadie sin concurso previo\u201d y anticip\u00f3 que, en este proceso de reordenamiento integral <strong>\u201cvamos a eliminar 168 cargos en la estructura pol\u00edtica del Ejecutivo\u201d.<\/strong><\/p>\n\n\n\n<h2>Bajas sin excepciones&nbsp;<\/h2>\n\n\n\n<p><strong>\u201cHay vivos que ni siquiera se conocen, que nunca han ido a trabajar, y de esos hay 250 agentes que est\u00e1n fuera Chubut cobrando de este Estado\u201d, se\u00f1al\u00f3 el gobernador en el marco de la presentaci\u00f3n realizada esta ma\u00f1ana en la Administraci\u00f3n de Vialidad Provincial en Rawson. Al respecto, el mandatario confirm\u00f3 que \u201ccada uno de estos casos se va a eliminar sin importar apellidos, afiliaciones pol\u00edticas o cu\u00e1ndo entr\u00f3, no va a haber ning\u00fan tipo de excepci\u00f3n\u201d.&nbsp;<\/strong><\/p>\n\n\n\n<p>Torres explic\u00f3 que el Censo de Empleados P\u00fablicos realizado en los \u00faltimos meses \u201cnos da las herramientas para hacer un Estado m\u00e1s eficiente y de ponerle punto final a esta estafa a los contribuyentes\u201d. &nbsp;<\/p>\n\n\n\n<p>En cuanto al sistema de adscripciones, el titular del Ejecutivo consider\u00f3 que<strong> \u201ctambi\u00e9n es una forma de no laburar, con masas salariales que est\u00e1n sobredimensionadas\u201d, e indic\u00f3 que \u201cesto tiene un costo enorme, esto es menos rutas, menos hospitales, menos escuelas y que nos cueste much\u00edsimo entrar en un esquema de recomposici\u00f3n salarial\u201d.<\/strong><\/p>\n\n\n\n<p>Torres habl\u00f3 de la decisi\u00f3n de la actual gesti\u00f3n de Gobierno de \u201creivindicar al empleado estatal, capacitarlo y darles herramientas para hacer m\u00e1s eficiente el Estado\u201d. En ese orden, sostuvo que cada ministro \u201cva a tener la responsabilidad, a la hora de nombrar a alguien, no de traer a alguien de afuera, sino de elegir y formar a quienes ya est\u00e1n trabajando hace mucho tiempo\u201d.<\/p>\n\n\n\n<h2>Ley 3&#215;1<\/h2>\n\n\n\n<p>En otro tramo de su mensaje, el mandatario se refiri\u00f3 a la implementaci\u00f3n de<strong> la Ley 3&#215;1 que establece que, hasta fines de 2027, se requerir\u00e1n tres bajas en el Estado antes de habilitar un nuevo ingreso. \u201cEs una necesidad de ordenamiento interno que va de la mano de la modernizaci\u00f3n y digitalizaci\u00f3n de los procesos\u201d, asegur\u00f3.<\/strong><\/p>\n\n\n\n<p>Sostuvo que el objetivo es \u201cagilizar y respetar el tiempo de los chubutenses\u201d, e indic\u00f3 que \u201cpara desburocratizar el Estado tenemos que entender que esta transformaci\u00f3n cultural debe venir de la mano de la tecnolog\u00eda para que el a\u00f1o que viene no haya un papel m\u00e1s en la Administraci\u00f3n\u201d.<\/p>\n\n\n\n<h2>Reducci\u00f3n de cargos<\/h2>\n\n\n\n<p>De igual manera, <strong>Torres anunci\u00f3 la eliminaci\u00f3n de 168 cargos pol\u00edticos y jer\u00e1rquicos en la estructura del Gobierno: \u201cSe hizo un trabajo serio y minucioso en Ministerios donde hab\u00eda duplicidad de funciones o \u00e1reas que no ten\u00edan raz\u00f3n de ser. Fue un trabajo a conciencia para hacer m\u00e1s eficientes los procesos burocr\u00e1ticos y administrativos\u201d, apunt\u00f3.<\/strong><\/p>\n\n\n\n<p>Estas medidas, se\u00f1al\u00f3 el gobernador, \u201cle permitir\u00e1n a Chubut ser la provincia que m\u00e1s va a agilizar el Estado\u201d y anticip\u00f3 que en <strong>2025 \u201cvamos a inaugurar la Casa de Gobierno con una inversi\u00f3n muy importante en digitalizaci\u00f3n<\/strong> y con muchas menos oficinas\u201d.<\/p>\n\n\n\n<h2>Relevamiento<\/h2>\n\n\n\n<p>Por otra parte, el ministro de Econom\u00eda, Andr\u00e9s Meiszner, explic\u00f3 que la implementaci\u00f3n de un relevamiento interno en la Administraci\u00f3n P\u00fablica Provincial \u201cfue un compromiso del gobernador ni bien inici\u00f3 su gesti\u00f3n para tomar decisiones pol\u00edticas, hoy tenemos la informaci\u00f3n que necesit\u00e1bamos\u201d.<\/p>\n\n\n\n<p><strong>Fuente: www.tiemposur.com.ar<\/strong><\/p>\n","protected":false},"excerpt":{"rendered":"<p>El gobernador de Chubut, Ignacio \u201cNacho\u201d Torres, present\u00f3 los resultados finales del Censo de Empleados P\u00fablicos implementado por el Ejecutivo para la administraci\u00f3n y reorganizaci\u00f3n interna del Estado. De acuerdo a los datos recabados, hay cerca de 5.000 agentes adscriptos y de ellos, 250 trabajadores prestan servicio fuera del \u00e1mbito provincial. \u201cEstamos sentando las bases [&hellip;]<\/p>\n","protected":false},"author":5,"featured_media":5232,"comment_status":"open","ping_status":"open","sticky":false,"template":"","format":"standard","meta":[],"categories":[14],"tags":[],"_links":{"self":[{"href":"https:\/\/politicapatagonica.com\/index.php\/wp-json\/wp\/v2\/posts\/5231"}],"collection":[{"href":"https:\/\/politicapatagonica.com\/index.php\/wp-json\/wp\/v2\/posts"}],"about":[{"href":"https:\/\/politicapatagonica.com\/index.php\/wp-json\/wp\/v2\/types\/post"}],"author":[{"embeddable":true,"href":"https:\/\/politicapatagonica.com\/index.php\/wp-json\/wp\/v2\/users\/5"}],"replies":[{"embeddable":true,"href":"https:\/\/politicapatagonica.com\/index.php\/wp-json\/wp\/v2\/comments?post=5231"}],"version-history":[{"count":2,"href":"https:\/\/politicapatagonica.com\/index.php\/wp-json\/wp\/v2\/posts\/5231\/revisions"}],"predecessor-version":[{"id":5243,"href":"https:\/\/politicapatagonica.com\/index.php\/wp-json\/wp\/v2\/posts\/5231\/revisions\/5243"}],"wp:featuredmedia":[{"embeddable":true,"href":"https:\/\/politicapatagonica.com\/index.php\/wp-json\/wp\/v2\/media\/5232"}],"wp:attachment":[{"href":"https:\/\/politicapatagonica.com\/index.php\/wp-json\/wp\/v2\/media?parent=5231"}],"wp:term":[{"taxonomy":"category","embeddable":true,"href":"https:\/\/politicapatagonica.com\/index.php\/wp-json\/wp\/v2\/categories?post=5231"},{"taxonomy":"post_tag","embeddable":true,"href":"https:\/\/politicapatagonica.com\/index.php\/wp-json\/wp\/v2\/tags?post=5231"}],"curies":[{"name":"wp","href":"https:\/\/api.w.org\/{rel}","templated":true}]}}