{"id":5227,"date":"2024-11-19T20:35:08","date_gmt":"2024-11-19T20:35:08","guid":{"rendered":"https:\/\/politicapatagonica.com\/?p=5227"},"modified":"2024-11-20T13:49:29","modified_gmt":"2024-11-20T13:49:29","slug":"rolando-figueroa-en-el-chocon-tenemos-que-poner-linda-la-villa","status":"publish","type":"post","link":"https:\/\/politicapatagonica.com\/index.php\/2024\/11\/19\/rolando-figueroa-en-el-chocon-tenemos-que-poner-linda-la-villa\/","title":{"rendered":"Rolando Figueroa en El Choc\u00f3n: &#8220;Tenemos que poner linda la villa&#8221;"},"content":{"rendered":"\n<p>El gobernador&nbsp;<strong>Rolando Figueroa&nbsp;<\/strong>encabez\u00f3 el acto central por el&nbsp;<strong>49\u00ba aniversario de&nbsp;Villa El Choc\u00f3n,<\/strong>&nbsp;acompa\u00f1ado por el intendente Pablo Di Fonzo. All\u00ed, el mandatario neuquino destac\u00f3 que&nbsp;<strong>desde el gobierno se visualiza el crecimiento de Villa El Choc\u00f3n de la mano del turismo<\/strong>&nbsp;y remarc\u00f3 que para desarrollarlo \u201ctenemos que poner linda la villa, acrecentar la cantidad de servicios que podemos otorgar al visitante, favorecer las inversiones y hacer parte al intendente del desarrollo\u201d.<\/p>\n\n\n\n<p>\u201cLo que<strong>&nbsp;nos falta es poder desarrollar otros productos, poder ordenarnos en el desarrollo urbano&nbsp;<\/strong>que queremos, que el crecimiento sea ordenado, que exista un c\u00f3digo de edificaci\u00f3n, que construyamos viviendas y la segunda residencia con una tipolog\u00eda que haga m\u00e1s linda El Choc\u00f3n\u201d, se\u00f1al\u00f3 y consider\u00f3 que \u201cpara eso tambi\u00e9n el Estado tiene que ayudar\u201d.<\/p>\n\n\n\n<p>Por otra parte,<strong> celebr\u00f3 la presentaci\u00f3n en la Legislatura de \u201cuna ley que la hemos pensado mucho, la hemos desarrollado y es la lucha contra el narcomenudeo que queremos llevar adelante en la provincia\u201d.<\/strong><\/p>\n\n\n\n<p>\u201cLa legislaci\u00f3n marca que el narcotr\u00e1fico est\u00e1 en mano de la justicia federal y tambi\u00e9n el narcomenudeo\u201d, indic\u00f3 y aclar\u00f3 que la provincia quiere \u201ccomplementar el trabajo que realizan las fuerzas federales, porque la polic\u00eda del Neuqu\u00e9n tiene presencia en todo el territorio\u201d.<\/p>\n\n\n\n<p>\u201cAlgunos piensan que la droga simplemente est\u00e1 en las ciudades grandes y en las localidades m\u00e1s peque\u00f1as es donde nos est\u00e1 haciendo mayor da\u00f1o\u201d, recalc\u00f3 y a\u00f1adi\u00f3:<strong> \u201cEstoy muy orgulloso de la polic\u00eda del Neuqu\u00e9n\u201d.<\/strong><\/p>\n\n\n\n<h2>Defensa de Neuqu\u00e9n<\/h2>\n\n\n\n<p>\u201cTenemos que ir reclamando las cosas que son de los neuquinos.<strong> La neuquinidad se defiende todos los d\u00edas protegiendo a los nuestros, pero tambi\u00e9n reclamando en la Capital Federal los derechos que tenemos los neuquinos\u201d, indic\u00f3 Figueroa.<\/strong><\/p>\n\n\n\n<p>Se refiri\u00f3 a las represas y dijo que desde Neuqu\u00e9n se le est\u00e1 reclamado al gobierno nacional \u201cestar sentados en la mesa de las decisiones\u201d y tambi\u00e9n que <strong>\u201cnos paguen las regal\u00edas al valor que verdaderamente nos corresponde\u201d.<\/strong> \u201cComo no hemos logrado ese valor, estamos pidiendo que las regal\u00edas nos las paguen en especie\u201d, sostuvo.<\/p>\n\n\n\n<p>\u201cEstamos ordenando para redistribuir. Muchos piensan que los ingresos de Vaca Muerta han dado la posibilidad de que Neuqu\u00e9n sea hoy otro respecto al del a\u00f1o pasado, pero en realidad les quiero aclarar que Neuqu\u00e9n es otro porque hemos ordenado el Estado y<strong> hemos reducido en mil millones de d\u00f3lares el gasto innecesario que ten\u00eda el Estado provincial\u201d<\/strong>, destac\u00f3.<\/p>\n\n\n\n<p><strong>Puntualiz\u00f3 en la eliminaci\u00f3n de las jubilaciones de privilegio, la revisi\u00f3n de los listados de beneficiarios de planes sociales, la renegociaci\u00f3n de la obra p\u00fablica y la reducci\u00f3n de la planta pol\u00edtica. Adem\u00e1s, remarc\u00f3 que \u201cestamos combatiendo todos los \u00f1oquis que siguen estando a\u00fan en el Estado y los vamos a sacar, porque es injusto que terminen cobrando el sueldo mientras otros trabajan todos los d\u00edas\u201d.<\/strong><\/p>\n\n\n\n<h2>Estafas al Estado<\/h2>\n\n\n\n<p>\u201cEstamos eliminando cualquier tema que implique una estafa hacia el Estado\u201d, asever\u00f3 Figueroa&nbsp;y concluy\u00f3: \u201cLa reducci\u00f3n de mil millones de d\u00f3lares de todo este gasto innecesario nos llena de orgullo, porque son mil millones que no van a los bolsillos de algunos privilegiados que exist\u00edan en esta provincia\u201d.<\/p>\n\n\n\n<p>Por su parte, el intendente asegur\u00f3 que \u201ccreemos en la neuquinidad choconense, porque es el \u00fanico camino que tenemos para salir adelante\u201d. \u201cTenemos un gobernador que no vino con promesas\u201d, se\u00f1al\u00f3 y agreg\u00f3: \u201cNos prometieron cada cosa que no han cumplido\u201d. Adem\u00e1s, agradeci\u00f3 al gobernador por trabajar en obras para la localidad.<\/p>\n\n\n\n<p><strong>Di Fonzo expres\u00f3 la necesidad de Villa El Choc\u00f3n de contar con una traves\u00eda urbana. \u201cNo puede ser que nuestros chicos tengan que subir a la ruta, que son m\u00e1s de 380 chicos, y para poder bajar al acceso de nuestra localidad nos tenemos que tirar para uno u otro lado porque atr\u00e1s tenemos un cami\u00f3n que viene usando como rampa la bajada o como autopista para tomar la subida. No podemos permitir m\u00e1s eso\u201d, finaliz\u00f3.<\/strong><\/p>\n\n\n\n<p>Como parte de los compromisos asumidos en el pacto de gobernanza, se firm\u00f3 un convenio para priorizar la realizaci\u00f3n -por parte de la municipalidad- de la obra de repavimentaci\u00f3n de la calle Mario Sureda y las bajadas al lago, <strong>con un aporte reintegrable provincial por m\u00e1s de 500 millones de pesos. <\/strong>Adem\u00e1s,<strong> se otorg\u00f3 un aporte no reintegrable al municipio por m\u00e1s de 5,7 millones de pesos para equipar y reacondicionar la Oficina de Informes Tur\u00edsticos.<\/strong><\/p>\n\n\n\n<p>En Villa El Choc\u00f3n se reinici\u00f3 en agosto la obra del centro de salud Llequ\u00e9n, que cuenta con un plazo de ejecuci\u00f3n de 240 d\u00edas corridos y comprende un edificio de 561 metros cuadrados cubiertos. Adem\u00e1s, la plaza fue forestada y cuenta con nuevos juegos recreativos.<\/p>\n\n\n\n<p>La obra de cunetas y c\u00e1mara de hormig\u00f3n armado fue recientemente iniciada y cuenta con una inversi\u00f3n de 413 millones de pesos. Se trata de una iniciativa muy importante, que permitir\u00e1 mejorar la seguridad de peatones y veh\u00edculos que circulan por la zona y evitar el anegamiento de las principales v\u00edas de circulaci\u00f3n de la localidad.<\/p>\n\n\n\n<p><strong>Fuente: www.lmneuquen.com<\/strong><\/p>\n","protected":false},"excerpt":{"rendered":"<p>El gobernador&nbsp;Rolando Figueroa&nbsp;encabez\u00f3 el acto central por el&nbsp;49\u00ba aniversario de&nbsp;Villa El Choc\u00f3n,&nbsp;acompa\u00f1ado por el intendente Pablo Di Fonzo. All\u00ed, el mandatario neuquino destac\u00f3 que&nbsp;desde el gobierno se visualiza el crecimiento de Villa El Choc\u00f3n de la mano del turismo&nbsp;y remarc\u00f3 que para desarrollarlo \u201ctenemos que poner linda la villa, acrecentar la cantidad de servicios que [&hellip;]<\/p>\n","protected":false},"author":5,"featured_media":5228,"comment_status":"open","ping_status":"open","sticky":false,"template":"","format":"standard","meta":[],"categories":[9],"tags":[],"_links":{"self":[{"href":"https:\/\/politicapatagonica.com\/index.php\/wp-json\/wp\/v2\/posts\/5227"}],"collection":[{"href":"https:\/\/politicapatagonica.com\/index.php\/wp-json\/wp\/v2\/posts"}],"about":[{"href":"https:\/\/politicapatagonica.com\/index.php\/wp-json\/wp\/v2\/types\/post"}],"author":[{"embeddable":true,"href":"https:\/\/politicapatagonica.com\/index.php\/wp-json\/wp\/v2\/users\/5"}],"replies":[{"embeddable":true,"href":"https:\/\/politicapatagonica.com\/index.php\/wp-json\/wp\/v2\/comments?post=5227"}],"version-history":[{"count":2,"href":"https:\/\/politicapatagonica.com\/index.php\/wp-json\/wp\/v2\/posts\/5227\/revisions"}],"predecessor-version":[{"id":5241,"href":"https:\/\/politicapatagonica.com\/index.php\/wp-json\/wp\/v2\/posts\/5227\/revisions\/5241"}],"wp:featuredmedia":[{"embeddable":true,"href":"https:\/\/politicapatagonica.com\/index.php\/wp-json\/wp\/v2\/media\/5228"}],"wp:attachment":[{"href":"https:\/\/politicapatagonica.com\/index.php\/wp-json\/wp\/v2\/media?parent=5227"}],"wp:term":[{"taxonomy":"category","embeddable":true,"href":"https:\/\/politicapatagonica.com\/index.php\/wp-json\/wp\/v2\/categories?post=5227"},{"taxonomy":"post_tag","embeddable":true,"href":"https:\/\/politicapatagonica.com\/index.php\/wp-json\/wp\/v2\/tags?post=5227"}],"curies":[{"name":"wp","href":"https:\/\/api.w.org\/{rel}","templated":true}]}}