{"id":5216,"date":"2024-11-15T21:48:53","date_gmt":"2024-11-15T21:48:53","guid":{"rendered":"https:\/\/politicapatagonica.com\/?p=5216"},"modified":"2024-11-15T21:48:53","modified_gmt":"2024-11-15T21:48:53","slug":"con-un-clima-de-consensos-se-realiza-el-sabado-el-plenario-de-la-ucr-en-trelew","status":"publish","type":"post","link":"https:\/\/politicapatagonica.com\/index.php\/2024\/11\/15\/con-un-clima-de-consensos-se-realiza-el-sabado-el-plenario-de-la-ucr-en-trelew\/","title":{"rendered":"Con un clima de consensos, se realiza el s\u00e1bado el plenario de la UCR en Trelew"},"content":{"rendered":"\n<p>Este s\u00e1bado 16 de noviembre, a partir de las 11, se realizar\u00e1 en la Escuela n\u00ba 123, ubicada en San Mart\u00edn y Edison de Trelew,&nbsp;<strong>el plenario de la Uni\u00f3n C\u00edvica Radical (UCR) de Chubut, reuniendo a representantes de los diferentes comit\u00e9s de toda la provincia.<\/strong><\/p>\n\n\n\n<p>En la ocasi\u00f3n,&nbsp;se definir\u00e1n la integraci\u00f3n de la mesa de conducci\u00f3n y las nuevas autoridades del partido a nivel provincial: el&nbsp;<strong>presidente del Comit\u00e9 Provincia<\/strong>, el \u00f3rgano ejecutivo del partido; y el&nbsp;<strong>presidente de la Convenci\u00f3n<\/strong>, el \u00f3rgano legislativo del espacio. Adem\u00e1s, la&nbsp;<strong>Juventud Radical<\/strong>&nbsp;definir\u00e1 a su nuevo&nbsp;<strong>presidente<\/strong>.<\/p>\n\n\n\n<p>El escenario de la renovaci\u00f3n de autoridades ser\u00e1 Trelew, localidad donde el partido logr\u00f3 recuperar la intendencia despu\u00e9s de 20 a\u00f1os y lo que agrega un valor simb\u00f3lico a la ocasi\u00f3n.<\/p>\n\n\n\n<p>En este contexto, se prev\u00e9 que <strong>el plenario se desarrolle en un clima de consenso, ya que los puestos a definir estar\u00edan definidos y no habr\u00eda mayores discusiones o debates al respecto.<\/strong><\/p>\n\n\n\n<blockquote class=\"wp-block-quote\">\n<h3><strong>Gustavo Menna ser\u00eda finalmente electo como presidente del Comit\u00e9 y Leonardo Ferrelli como presidente de la Convenci\u00f3n.<\/strong><\/h3>\n<\/blockquote>\n\n\n\n<p>En lo que respecta a <strong>la presidencia del Comit\u00e9 Provincia, es decir, la presidencia del partido;\u00a0ser\u00eda para el vicegobernador Gustavo Menna, de Comodoro Rivadavia, ya que su nombre se barajaba desde hace meses\u00a0y no present\u00f3 mayores resistencias u objeciones.<\/strong><\/p>\n\n\n\n<p>La tensi\u00f3n en los \u00faltimos d\u00edas estuvo dada en torno a la presidencia de la Convenci\u00f3n, el m\u00e1ximo \u00f3rgano partidario, ya que el espacio iba a ser ocupada por la senadora trelewense Edith Terenzi, quien finalmente desisti\u00f3 en las \u00faltimas semanas.<\/p>\n\n\n\n<p><strong>Desde Trelew se propuso y promovi\u00f3 al concejal Leonardo Ferrelli, proveniente del FRACH; aunque su nombramiento gener\u00f3 resistencias y se plante\u00f3 el nombre de Dulio Monti, de Rawson, en su lugar.<\/strong><\/p>\n\n\n\n<h6>En este contexto, en\u00a0las \u00faltimas horas\u00a0del jueves hubo reuniones en las cuales particip\u00f3\u00a0del a\u00fan presidente del partido, Dami\u00e1n Biss; y las cuales derivaron en otra reuni\u00f3n desarrollada este viernes por la ma\u00f1ana entre los 2 contendientes.<\/h6>\n\n\n\n<p>De esta forma, la cuesti\u00f3n estar\u00eda saldada de cara al plenario y\u00a0<strong>Ferrelli ser\u00eda electo para ocupar la presidencia de la Convenci\u00f3n, mientras que Monti se quedar\u00eda con la vicepresidencia<\/strong>.<\/p>\n\n\n\n<p><strong>Fuente: www.elchubut.com.ar<\/strong><\/p>\n","protected":false},"excerpt":{"rendered":"<p>Este s\u00e1bado 16 de noviembre, a partir de las 11, se realizar\u00e1 en la Escuela n\u00ba 123, ubicada en San Mart\u00edn y Edison de Trelew,&nbsp;el plenario de la Uni\u00f3n C\u00edvica Radical (UCR) de Chubut, reuniendo a representantes de los diferentes comit\u00e9s de toda la provincia. En la ocasi\u00f3n,&nbsp;se definir\u00e1n la integraci\u00f3n de la mesa de [&hellip;]<\/p>\n","protected":false},"author":5,"featured_media":5217,"comment_status":"open","ping_status":"open","sticky":false,"template":"","format":"standard","meta":[],"categories":[14],"tags":[],"_links":{"self":[{"href":"https:\/\/politicapatagonica.com\/index.php\/wp-json\/wp\/v2\/posts\/5216"}],"collection":[{"href":"https:\/\/politicapatagonica.com\/index.php\/wp-json\/wp\/v2\/posts"}],"about":[{"href":"https:\/\/politicapatagonica.com\/index.php\/wp-json\/wp\/v2\/types\/post"}],"author":[{"embeddable":true,"href":"https:\/\/politicapatagonica.com\/index.php\/wp-json\/wp\/v2\/users\/5"}],"replies":[{"embeddable":true,"href":"https:\/\/politicapatagonica.com\/index.php\/wp-json\/wp\/v2\/comments?post=5216"}],"version-history":[{"count":1,"href":"https:\/\/politicapatagonica.com\/index.php\/wp-json\/wp\/v2\/posts\/5216\/revisions"}],"predecessor-version":[{"id":5218,"href":"https:\/\/politicapatagonica.com\/index.php\/wp-json\/wp\/v2\/posts\/5216\/revisions\/5218"}],"wp:featuredmedia":[{"embeddable":true,"href":"https:\/\/politicapatagonica.com\/index.php\/wp-json\/wp\/v2\/media\/5217"}],"wp:attachment":[{"href":"https:\/\/politicapatagonica.com\/index.php\/wp-json\/wp\/v2\/media?parent=5216"}],"wp:term":[{"taxonomy":"category","embeddable":true,"href":"https:\/\/politicapatagonica.com\/index.php\/wp-json\/wp\/v2\/categories?post=5216"},{"taxonomy":"post_tag","embeddable":true,"href":"https:\/\/politicapatagonica.com\/index.php\/wp-json\/wp\/v2\/tags?post=5216"}],"curies":[{"name":"wp","href":"https:\/\/api.w.org\/{rel}","templated":true}]}}