{"id":5205,"date":"2024-11-14T23:21:51","date_gmt":"2024-11-14T23:21:51","guid":{"rendered":"https:\/\/politicapatagonica.com\/?p=5205"},"modified":"2024-11-14T23:21:52","modified_gmt":"2024-11-14T23:21:52","slug":"sorpresiva-cumbre-de-ziliotto-y-los-gobernadores-por-el-presupuesto-nacional","status":"publish","type":"post","link":"https:\/\/politicapatagonica.com\/index.php\/2024\/11\/14\/sorpresiva-cumbre-de-ziliotto-y-los-gobernadores-por-el-presupuesto-nacional\/","title":{"rendered":"Sorpresiva cumbre de Ziliotto y los gobernadores por el Presupuesto Nacional"},"content":{"rendered":"\n<p><strong>Desde las 18:00 horas, debatir\u00e1n sobre el proyecto que envi\u00f3 el presidente Javier Milei al Congreso de la Naci\u00f3n.<\/strong><\/p>\n\n\n\n<p>\u00a0&#8220;<strong>Gobernadores de todo el pa\u00eds se reunir\u00e1n a las 18 en el Consejo Federal de Inversiones.<\/strong> Sucede en medio de los incumplimientos de la administraci\u00f3n de Javier Milei. <strong>Los gobernadores necesitan el Presupuesto 2025 y empujan para que salga pese al desinter\u00e9s que mostr\u00f3 el Gobierno en que sea ley<\/strong>. Con Milei de viaje por EEUU, los mandatarios aprovecharon y se re\u00fanen. <\/p>\n\n\n\n<p>En paralelo, en la C\u00e1mara de Diputados no hubo firma del dictamen a la espera de lo que se defina en este c\u00f3nclave&#8221;.<\/p>\n\n\n\n<p>La<strong>\u00a0participaci\u00f3n de Ziliotto en el encuentro en el CFI es de manera virtual.<\/strong><\/p>\n\n\n\n<p>&#8220;De la cumbre de hoy, <strong>habr\u00e1 varios gobernadores de manera presencial y otro estar\u00e1n de manera virtual<\/strong>. <strong>La idea de los mandatarios es encontrar herramientas para llevar al Gobierno hacia la aprobaci\u00f3n del Presupuesto 2025.<\/strong> Entre los confirmados, entre presencial y por Zoom, se espera la presencia de <strong>Axel Kicillof (Buenos Aires), Gustavo Melella (Tierra del Fuego, Ant\u00e1rtida e Islas del Atl\u00e1ntico Sur), Mart\u00edn Llaryora (C\u00f3rdoba) y Sergio Ziliotto (La Pampa)&#8221;, inform\u00f3 el mismo sitio porte\u00f1o.\u00a0<\/strong><\/p>\n\n\n\n<p>Antes de esa reuni\u00f3n, <strong>quien pas\u00f3 por Casa Rosada fue el gobernador de R\u00edo Negro, Alberto Weretilneck. Se junt\u00f3 con el Jefe de Gabinete, Guillermo Francos<\/strong>. El Presidente viene de reunirse con gobernadores peronistas libertarios, radicales y del PRO. A\u00fan queda un grupo de opositores a su gesti\u00f3n que no fueron recibidos por Milei.\u00a0<\/p>\n\n\n\n<p><strong>Fuente: www.eldiariodelapampa.com.ar<\/strong><\/p>\n","protected":false},"excerpt":{"rendered":"<p>Desde las 18:00 horas, debatir\u00e1n sobre el proyecto que envi\u00f3 el presidente Javier Milei al Congreso de la Naci\u00f3n. \u00a0&#8220;Gobernadores de todo el pa\u00eds se reunir\u00e1n a las 18 en el Consejo Federal de Inversiones. Sucede en medio de los incumplimientos de la administraci\u00f3n de Javier Milei. Los gobernadores necesitan el Presupuesto 2025 y empujan [&hellip;]<\/p>\n","protected":false},"author":5,"featured_media":5206,"comment_status":"open","ping_status":"open","sticky":false,"template":"","format":"standard","meta":[],"categories":[10],"tags":[],"_links":{"self":[{"href":"https:\/\/politicapatagonica.com\/index.php\/wp-json\/wp\/v2\/posts\/5205"}],"collection":[{"href":"https:\/\/politicapatagonica.com\/index.php\/wp-json\/wp\/v2\/posts"}],"about":[{"href":"https:\/\/politicapatagonica.com\/index.php\/wp-json\/wp\/v2\/types\/post"}],"author":[{"embeddable":true,"href":"https:\/\/politicapatagonica.com\/index.php\/wp-json\/wp\/v2\/users\/5"}],"replies":[{"embeddable":true,"href":"https:\/\/politicapatagonica.com\/index.php\/wp-json\/wp\/v2\/comments?post=5205"}],"version-history":[{"count":1,"href":"https:\/\/politicapatagonica.com\/index.php\/wp-json\/wp\/v2\/posts\/5205\/revisions"}],"predecessor-version":[{"id":5207,"href":"https:\/\/politicapatagonica.com\/index.php\/wp-json\/wp\/v2\/posts\/5205\/revisions\/5207"}],"wp:featuredmedia":[{"embeddable":true,"href":"https:\/\/politicapatagonica.com\/index.php\/wp-json\/wp\/v2\/media\/5206"}],"wp:attachment":[{"href":"https:\/\/politicapatagonica.com\/index.php\/wp-json\/wp\/v2\/media?parent=5205"}],"wp:term":[{"taxonomy":"category","embeddable":true,"href":"https:\/\/politicapatagonica.com\/index.php\/wp-json\/wp\/v2\/categories?post=5205"},{"taxonomy":"post_tag","embeddable":true,"href":"https:\/\/politicapatagonica.com\/index.php\/wp-json\/wp\/v2\/tags?post=5205"}],"curies":[{"name":"wp","href":"https:\/\/api.w.org\/{rel}","templated":true}]}}