{"id":5201,"date":"2024-11-14T23:10:32","date_gmt":"2024-11-14T23:10:32","guid":{"rendered":"https:\/\/politicapatagonica.com\/?p=5201"},"modified":"2024-11-15T13:35:19","modified_gmt":"2024-11-15T13:35:19","slug":"neuquen-pide-a-chile-la-apertura-inmediata-del-paso-internacional-pichachen","status":"publish","type":"post","link":"https:\/\/politicapatagonica.com\/index.php\/2024\/11\/14\/neuquen-pide-a-chile-la-apertura-inmediata-del-paso-internacional-pichachen\/","title":{"rendered":"Neuqu\u00e9n pide a Chile la apertura inmediata del Paso internacional Pichach\u00e9n"},"content":{"rendered":"\n<p>Neuqu\u00e9n le expres\u00f3 al gobierno de Chile <strong>\u201cla urgente necesidad de la pronta apertura del paso fronterizo Pichach\u00e9n\u201d<\/strong> y le record\u00f3 que, con el objetivo de agilizar dicho proceso, \u201cla provincia ha puesto a disposici\u00f3n al personal de Vialidad, asumiendo como prioridad la tarea de despeje de la ruta\u201d.<\/p>\n\n\n\n<p>La solicitud de la provincia <strong>se realiz\u00f3 a trav\u00e9s de una nota que el ministro Jefe de Gabinete, Juan Luis Ousset le envi\u00f3 a Basti\u00e1n Martel Mosquera, profesional de Proyectos de Inversi\u00f3n de la Unidad de Pasos Fronterizos del ministerio del Interior del vecino pa\u00eds.<\/strong><\/p>\n\n\n\n<p>En la nota, se indica que en <strong>\u201cdos semanas y media de intensas labores, seis agentes provinciales, apoyados por dos motoniveladoras y una cargadora, lograron realizar el trabajo conforme a las indicaciones\u201d del gobernador Rolando Figueroa. <\/strong>\u201cEn este contexto, se inform\u00f3 que el c\u00famulo de nieve en el hito alcanzaba una altura m\u00e1xima de hasta tres metros\u201d, se expresa.<\/p>\n\n\n\n<p>Adem\u00e1s, se destaca que actualmente <strong>restan solo 5 kil\u00f3metros por despejar desde el lado chileno <\/strong>y se expresa la importancia de cumplir con los plazos establecidos para la apertura del paso antes de la Fiesta Nacional del Chivito, que se llevar\u00e1 a cabo del 15 al 17 de este mes en Chos Malal.<\/p>\n\n\n\n<p>Tambi\u00e9n se indica que \u201catento a lo conversado en la reuni\u00f3n virtual binacional\u201d entre representantes de todos los organismos involucrados en el funcionamiento de los pasos fronterizos, <strong>Neuqu\u00e9n pone a disposici\u00f3n \u201ctoda la ayuda que la provincia pueda proporcionar para lograr la apertura del paso internacional Pichach\u00e9n en la fecha solicitada\u201d<\/strong>.<\/p>\n\n\n\n<p>\u201c<strong>Este paso es la \u00fanica v\u00eda habilitada para la comunicaci\u00f3n con la regi\u00f3n chilena del Biob\u00edo,<\/strong> lo que lo convierte en un corredor estrat\u00e9gico no s\u00f3lo para la conexi\u00f3n de las comunidades de ambos pa\u00edses, sino tambi\u00e9n para el desarrollo de circuitos tur\u00edsticos que benefician a las localidades cercanas\u201d, se se\u00f1ala.<\/p>\n\n\n\n<p><strong>Se remarca que el paso es \u201cde particular importancia\u201d para la zona Norte de la provincia, \u201cteniendo en cuenta la estrecha vinculaci\u00f3n familiar y cultural, as\u00ed como el intercambio de actividades deportivas entre ambas naciones\u201d.<\/strong><\/p>\n\n\n\n<p>Por \u00faltimo, se concluye que \u201cpara la resoluci\u00f3n de cualquier cuesti\u00f3n vinculada a la asistencia que pueda proporcionar, <strong>queda su disposici\u00f3n la direcci\u00f3n provincial de Cooperaci\u00f3n, Pasos Fronterizos y Culto del gobierno de la provincia\u201d.<\/strong><\/p>\n\n\n\n<p><strong>Fuente: www.neuquenalinstante.com.ar<\/strong><\/p>\n","protected":false},"excerpt":{"rendered":"<p>Neuqu\u00e9n le expres\u00f3 al gobierno de Chile \u201cla urgente necesidad de la pronta apertura del paso fronterizo Pichach\u00e9n\u201d y le record\u00f3 que, con el objetivo de agilizar dicho proceso, \u201cla provincia ha puesto a disposici\u00f3n al personal de Vialidad, asumiendo como prioridad la tarea de despeje de la ruta\u201d. La solicitud de la provincia se [&hellip;]<\/p>\n","protected":false},"author":5,"featured_media":5202,"comment_status":"open","ping_status":"open","sticky":false,"template":"","format":"standard","meta":[],"categories":[9],"tags":[],"_links":{"self":[{"href":"https:\/\/politicapatagonica.com\/index.php\/wp-json\/wp\/v2\/posts\/5201"}],"collection":[{"href":"https:\/\/politicapatagonica.com\/index.php\/wp-json\/wp\/v2\/posts"}],"about":[{"href":"https:\/\/politicapatagonica.com\/index.php\/wp-json\/wp\/v2\/types\/post"}],"author":[{"embeddable":true,"href":"https:\/\/politicapatagonica.com\/index.php\/wp-json\/wp\/v2\/users\/5"}],"replies":[{"embeddable":true,"href":"https:\/\/politicapatagonica.com\/index.php\/wp-json\/wp\/v2\/comments?post=5201"}],"version-history":[{"count":1,"href":"https:\/\/politicapatagonica.com\/index.php\/wp-json\/wp\/v2\/posts\/5201\/revisions"}],"predecessor-version":[{"id":5203,"href":"https:\/\/politicapatagonica.com\/index.php\/wp-json\/wp\/v2\/posts\/5201\/revisions\/5203"}],"wp:featuredmedia":[{"embeddable":true,"href":"https:\/\/politicapatagonica.com\/index.php\/wp-json\/wp\/v2\/media\/5202"}],"wp:attachment":[{"href":"https:\/\/politicapatagonica.com\/index.php\/wp-json\/wp\/v2\/media?parent=5201"}],"wp:term":[{"taxonomy":"category","embeddable":true,"href":"https:\/\/politicapatagonica.com\/index.php\/wp-json\/wp\/v2\/categories?post=5201"},{"taxonomy":"post_tag","embeddable":true,"href":"https:\/\/politicapatagonica.com\/index.php\/wp-json\/wp\/v2\/tags?post=5201"}],"curies":[{"name":"wp","href":"https:\/\/api.w.org\/{rel}","templated":true}]}}