{"id":5198,"date":"2024-11-14T20:17:47","date_gmt":"2024-11-14T20:17:47","guid":{"rendered":"https:\/\/politicapatagonica.com\/?p=5198"},"modified":"2024-11-15T13:34:39","modified_gmt":"2024-11-15T13:34:39","slug":"claudio-vidal-reconocio-a-la-policia-de-santa-cruz-y-hizo-un-llamado-a-la-unidad-es-hora-de-terminar-con-el-odio-y-las-mezquindades-politicas","status":"publish","type":"post","link":"https:\/\/politicapatagonica.com\/index.php\/2024\/11\/14\/claudio-vidal-reconocio-a-la-policia-de-santa-cruz-y-hizo-un-llamado-a-la-unidad-es-hora-de-terminar-con-el-odio-y-las-mezquindades-politicas\/","title":{"rendered":"Claudio Vidal reconoci\u00f3\u00a0a la Polic\u00eda de Santa Cruz e hizo un llamado a la unidad"},"content":{"rendered":"\n<p>En el marco del acto por el<strong>\u00a0140\u00b0 aniversario de la Polic\u00eda de Santa Cruz<\/strong>, el gobernador\u00a0<strong>Claudio Vidal\u00a0reconoci\u00f3 a las fuerzas de seguridad<\/strong> y prometi\u00f3 trabajar para mejorar las condiciones de vida y trabajo de los efectivos. La ceremonia tuvo lugar en la Jefatura de Polic\u00eda. Tambi\u00e9n se realiz\u00f3 un emotivo reconocimiento y desfile que resalt\u00f3 la labor de la instituci\u00f3n.<\/p>\n\n\n\n<p>Vidal inici\u00f3 su discurso con un tono emotivo, dirigiendo un mensaje de disculpa y agradecimiento: \u201cHoy es un d\u00eda muy importante y creo que <strong>lleg\u00f3 el momento de pedir disculpas y agradecer<\/strong>, en nombre del Estado, de mi equipo de gobierno y del pueblo de Santa Cruz, por tantos a\u00f1os de olvido y desprecio\u201d, dijo y posteriormente \u201cagradeci\u00f3 profundamente por el sacrificio, la voluntad y la predisposici\u00f3n y lo que hacen d\u00eda a d\u00eda por el pueblo\u201d.<\/p>\n\n\n\n<p>Adem\u00e1s, destac\u00f3 las dificultades que enfrentan las fuerzas y las condiciones en que operan. \u201cRecorro las distintas comisar\u00edas, conozco las condiciones de los veh\u00edculos y entiendo todo lo que pasa en la provincia. Lamentablemente, la situaci\u00f3n econ\u00f3mica del pa\u00eds y la provincia no es la mejor, pero me comprometo a trabajar d\u00eda a d\u00eda para que toda la fuerza de la polic\u00eda y los retirados puedan vivir mejor\u201d. Estas palabras subrayan el <strong>compromiso del gobernador con la mejora de las condiciones laborales y sociales de los efectivos policiales.<\/strong><\/p>\n\n\n\n<p><strong>Un llamado al di\u00e1logo y la unidad para el futuro de Santa Cruz<\/strong><\/p>\n\n\n\n<p>En una de las partes m\u00e1s destacadas de su discurso, Vidal hizo un llamado a superar las divisiones y trabajar en equipo: \u201cEs momento de trabajar en equipo, de <strong>llamar al di\u00e1logo y terminar con tanto odio en esta provincia<\/strong>, de acabar con las mezquindades pol\u00edticas que tanto da\u00f1o le hacen a nuestro pueblo.\u201d<\/p>\n\n\n\n<p>El gobernador agradeci\u00f3 tambi\u00e9n al ministro de Seguridad,\u00a0<strong>Pedro Prodromos<\/strong>\u00a0por su trabajo en la provincia: \u201cSe\u00f1or Ministro de Seguridad, gracias por su trabajo, por recorrer la provincia y hablar con los efectivos. S\u00e9 que es una persona de trabajo, de responsabilidad y uno de los que quiere trabajar para poner de pie la provincia.\u201d<\/p>\n\n\n\n<p>Finalmente, el mandatario provincial expres\u00f3 su convicci\u00f3n de que es momento de \u201ctrabajar de otra forma,\u201d apostando por una nueva etapa de colaboraci\u00f3n y responsabilidad compartida.<\/p>\n\n\n\n<p><strong>Fuente: www.laopinionaustral.com.ar<\/strong><\/p>\n","protected":false},"excerpt":{"rendered":"<p>En el marco del acto por el\u00a0140\u00b0 aniversario de la Polic\u00eda de Santa Cruz, el gobernador\u00a0Claudio Vidal\u00a0reconoci\u00f3 a las fuerzas de seguridad y prometi\u00f3 trabajar para mejorar las condiciones de vida y trabajo de los efectivos. La ceremonia tuvo lugar en la Jefatura de Polic\u00eda. Tambi\u00e9n se realiz\u00f3 un emotivo reconocimiento y desfile que resalt\u00f3 [&hellip;]<\/p>\n","protected":false},"author":5,"featured_media":5199,"comment_status":"open","ping_status":"open","sticky":false,"template":"","format":"standard","meta":[],"categories":[8],"tags":[],"_links":{"self":[{"href":"https:\/\/politicapatagonica.com\/index.php\/wp-json\/wp\/v2\/posts\/5198"}],"collection":[{"href":"https:\/\/politicapatagonica.com\/index.php\/wp-json\/wp\/v2\/posts"}],"about":[{"href":"https:\/\/politicapatagonica.com\/index.php\/wp-json\/wp\/v2\/types\/post"}],"author":[{"embeddable":true,"href":"https:\/\/politicapatagonica.com\/index.php\/wp-json\/wp\/v2\/users\/5"}],"replies":[{"embeddable":true,"href":"https:\/\/politicapatagonica.com\/index.php\/wp-json\/wp\/v2\/comments?post=5198"}],"version-history":[{"count":4,"href":"https:\/\/politicapatagonica.com\/index.php\/wp-json\/wp\/v2\/posts\/5198\/revisions"}],"predecessor-version":[{"id":5213,"href":"https:\/\/politicapatagonica.com\/index.php\/wp-json\/wp\/v2\/posts\/5198\/revisions\/5213"}],"wp:featuredmedia":[{"embeddable":true,"href":"https:\/\/politicapatagonica.com\/index.php\/wp-json\/wp\/v2\/media\/5199"}],"wp:attachment":[{"href":"https:\/\/politicapatagonica.com\/index.php\/wp-json\/wp\/v2\/media?parent=5198"}],"wp:term":[{"taxonomy":"category","embeddable":true,"href":"https:\/\/politicapatagonica.com\/index.php\/wp-json\/wp\/v2\/categories?post=5198"},{"taxonomy":"post_tag","embeddable":true,"href":"https:\/\/politicapatagonica.com\/index.php\/wp-json\/wp\/v2\/tags?post=5198"}],"curies":[{"name":"wp","href":"https:\/\/api.w.org\/{rel}","templated":true}]}}