{"id":5180,"date":"2024-11-13T22:40:36","date_gmt":"2024-11-13T22:40:36","guid":{"rendered":"https:\/\/politicapatagonica.com\/?p=5180"},"modified":"2024-11-13T22:40:37","modified_gmt":"2024-11-13T22:40:37","slug":"el-presupuesto-de-tierra-del-fuego-supera-el-billon-de-pesos","status":"publish","type":"post","link":"https:\/\/politicapatagonica.com\/index.php\/2024\/11\/13\/el-presupuesto-de-tierra-del-fuego-supera-el-billon-de-pesos\/","title":{"rendered":"El presupuesto de Tierra del Fuego supera el bill\u00f3n de pesos"},"content":{"rendered":"\n<p><strong>El proyecto de presupuesto presentado por el Ejecutivo provincial contempla ingresos de $1.326.343.000 y gastos proyectados de $1.243.939.000. Sin embargo, la diferencia de fechas entre la presentaci\u00f3n provincial y la nacional genera desaf\u00edos de planificaci\u00f3n, dado que la provincia debe entregar el proyecto el 31 de agosto, mientras que la Naci\u00f3n lo presenta el 15 de septiembre<\/strong>. Esto ha llevado a considerar la posibilidad de una reforma constitucional que optimice los tiempos y procedimientos presupuestarios, evitando modificaciones y reconducciones frecuentes.<\/p>\n\n\n\n<p><strong>Entre los recursos clave del presupuesto figuran la coparticipaci\u00f3n federal, las regal\u00edas y la recaudaci\u00f3n de la Agencia de Recaudaci\u00f3n Fueguina (AREF)<\/strong>, los cuales sostienen gran parte del funcionamiento provincial. En el marco de esta discusi\u00f3n, tambi\u00e9n se eval\u00faa el impacto de medidas tributarias como el Impuesto Pa\u00eds y la relevancia de proyectos estrat\u00e9gicos, como el Proyecto F\u00e9nix de producci\u00f3n gas\u00edfera offshore, que podr\u00eda beneficiar la industrializaci\u00f3n local.<\/p>\n\n\n\n<p>Asimismo, el presupuesto incluye una partida destinada a la Emergencia de Seguridad P\u00fablica, la cual <strong>busca proporcionar fondos para reforzar las capacidades de seguridad en la provincia, y podr\u00eda incluir recursos espec\u00edficos para infraestructura carcelaria<\/strong>. La aprobaci\u00f3n de este presupuesto es clave para asegurar el financiamiento adecuado de los servicios y proyectos prioritarios de la provincia en 2025.<\/p>\n\n\n\n<p><strong>Fuente: www.minutofueguino.com.ar<\/strong><\/p>\n","protected":false},"excerpt":{"rendered":"<p>El proyecto de presupuesto presentado por el Ejecutivo provincial contempla ingresos de $1.326.343.000 y gastos proyectados de $1.243.939.000. Sin embargo, la diferencia de fechas entre la presentaci\u00f3n provincial y la nacional genera desaf\u00edos de planificaci\u00f3n, dado que la provincia debe entregar el proyecto el 31 de agosto, mientras que la Naci\u00f3n lo presenta el 15 [&hellip;]<\/p>\n","protected":false},"author":5,"featured_media":5181,"comment_status":"open","ping_status":"open","sticky":false,"template":"","format":"standard","meta":[],"categories":[11],"tags":[],"_links":{"self":[{"href":"https:\/\/politicapatagonica.com\/index.php\/wp-json\/wp\/v2\/posts\/5180"}],"collection":[{"href":"https:\/\/politicapatagonica.com\/index.php\/wp-json\/wp\/v2\/posts"}],"about":[{"href":"https:\/\/politicapatagonica.com\/index.php\/wp-json\/wp\/v2\/types\/post"}],"author":[{"embeddable":true,"href":"https:\/\/politicapatagonica.com\/index.php\/wp-json\/wp\/v2\/users\/5"}],"replies":[{"embeddable":true,"href":"https:\/\/politicapatagonica.com\/index.php\/wp-json\/wp\/v2\/comments?post=5180"}],"version-history":[{"count":1,"href":"https:\/\/politicapatagonica.com\/index.php\/wp-json\/wp\/v2\/posts\/5180\/revisions"}],"predecessor-version":[{"id":5182,"href":"https:\/\/politicapatagonica.com\/index.php\/wp-json\/wp\/v2\/posts\/5180\/revisions\/5182"}],"wp:featuredmedia":[{"embeddable":true,"href":"https:\/\/politicapatagonica.com\/index.php\/wp-json\/wp\/v2\/media\/5181"}],"wp:attachment":[{"href":"https:\/\/politicapatagonica.com\/index.php\/wp-json\/wp\/v2\/media?parent=5180"}],"wp:term":[{"taxonomy":"category","embeddable":true,"href":"https:\/\/politicapatagonica.com\/index.php\/wp-json\/wp\/v2\/categories?post=5180"},{"taxonomy":"post_tag","embeddable":true,"href":"https:\/\/politicapatagonica.com\/index.php\/wp-json\/wp\/v2\/tags?post=5180"}],"curies":[{"name":"wp","href":"https:\/\/api.w.org\/{rel}","templated":true}]}}