{"id":5177,"date":"2024-11-13T22:32:34","date_gmt":"2024-11-13T22:32:34","guid":{"rendered":"https:\/\/politicapatagonica.com\/?p=5177"},"modified":"2024-11-14T15:12:03","modified_gmt":"2024-11-14T15:12:03","slug":"concejales-aprobaran-el-viernes-aumentos-tarifarios-del-110-al-vad-en-dos-etapas","status":"publish","type":"post","link":"https:\/\/politicapatagonica.com\/index.php\/2024\/11\/13\/concejales-aprobaran-el-viernes-aumentos-tarifarios-del-110-al-vad-en-dos-etapas\/","title":{"rendered":"Concejales aprobar\u00e1n aumentos tarifarios del 110% al Valor Agregado de Distribuci\u00f3n en dos etapas"},"content":{"rendered":"\n<p>Los concejales acordaron avanzar en el tratamiento tarifario sin el ingreso formal de los MEC (mecanismo de equilibrio de costos), se ha confirmado un\u00a0<strong>aumento tarifario<\/strong>\u00a0significativo para los pr\u00f3ximos meses. A partir de diciembre, las tarifas aumentar\u00e1n un\u00a0<strong>55%<\/strong>, y otro\u00a0<strong>55%<\/strong>\u00a0adicional se aplicar\u00e1 en enero de 2024. Este ajuste se realiza sobre el\u00a0<strong>Valor Agregado de Distribuci\u00f3n (VAD)<\/strong>, lo que, seg\u00fan fuentes oficiales, tendr\u00e1 un\u00a0<strong>impacto promedio de un 55% en la factura final<\/strong>\u00a0de los usuarios.<\/p>\n\n\n\n<p>La factura de la Cooperativa est\u00e1 compuesta por Cammesa, impuestos y el VAD, este \u00faltimo \u00edtem es lo que recauda la prestataria para pagar sueldos, gastos e inversiones. El primer tramo comprende un aumento del 55 % sobre el VAD. El impacto sobre la factura promedio ser\u00e1\u00a0del 39\/40 % de ese 55 %,\u00a0es decir un 22 % sobre las actuales facturas promedios.<\/p>\n\n\n\n<p>Aunque el aumento se calcula sobre el VAD, cuyo impacto directo en la factura final es menor que en otros componentes de la tarifa, el efecto ser\u00e1 considerable para los consumidores. El ajuste en dos etapas (diciembre y enero) suma un&nbsp;<strong>total de 140,25% sobre el VAD<\/strong>, lo que generar\u00e1 una&nbsp;<strong>suba promedio del 55%<\/strong>&nbsp;en la factura final de los hogares.<\/p>\n\n\n\n<p>Este incremento es parte de un proceso de reestructuraci\u00f3n que viene acompa\u00f1ado de importantes modificaciones en la regulaci\u00f3n de la Cooperativa y sus contratos de concesi\u00f3n.<\/p>\n\n\n\n<h3><strong>Proyecto de C\u00e1ceres<\/strong><\/h3>\n\n\n\n<p>Una vez aprobado el proyecto impulsado por el concejal&nbsp;<strong>Rub\u00e9n C\u00e1ceres<\/strong>, se produjeron varios cambios clave en la gesti\u00f3n de la distribuci\u00f3n de energ\u00eda. Entre las principales modificaciones que traer\u00e1 este proyecto se incluyen:<\/p>\n\n\n\n<ul>\n<li><strong>Derogaci\u00f3n del MEC<\/strong>&nbsp;(Modelo Energ\u00e9tico Cooperativo) que hasta ahora reg\u00eda las condiciones del servicio.<\/li>\n\n\n\n<li><strong>Anulaci\u00f3n de la ordenanza<\/strong>&nbsp;que permit\u00eda la pr\u00f3rroga del contrato con la Cooperativa por 10 a\u00f1os m\u00e1s, lo que abre paso a nuevas negociaciones sobre la concesi\u00f3n.<\/li>\n<\/ul>\n\n\n\n<h3><strong>Regulaci\u00f3n y concesi\u00f3n provisoria<\/strong><\/h3>\n\n\n\n<p>Adem\u00e1s, se implementar\u00e1 una&nbsp;<strong>nueva regulaci\u00f3n por comparaci\u00f3n<\/strong>&nbsp;con la creaci\u00f3n de una&nbsp;<strong>empresa modelo<\/strong>, que servir\u00e1 de base para los par\u00e1metros y condiciones del servicio que deber\u00e1 cumplir la Cooperativa en el futuro. Este cambio apunta a una mayor eficiencia y transparencia en la gesti\u00f3n.<\/p>\n\n\n\n<p>Por otro lado, se estableci\u00f3 que durante un per\u00edodo de&nbsp;<strong>un a\u00f1o<\/strong>, la Cooperativa operar\u00e1 bajo una&nbsp;<strong>concesi\u00f3n provisoria<\/strong>. Este per\u00edodo servir\u00e1 para avanzar en la firma de un&nbsp;<strong>nuevo contrato de concesi\u00f3n<\/strong>, en el que se discutir\u00e1n diversos temas que definir\u00e1n el futuro de la Cooperativa, la calidad del servicio y la regulaci\u00f3n de tarifas.<\/p>\n\n\n\n<h3><strong>Pr\u00f3ximos pasos<\/strong><\/h3>\n\n\n\n<p>Durante el pr\u00f3ximo a\u00f1o, se abrir\u00e1 un espacio para la revisi\u00f3n y negociaci\u00f3n del contrato de concesi\u00f3n. A lo largo de este proceso, se buscar\u00e1 avanzar en la resoluci\u00f3n de varios temas clave, como la mejora en la infraestructura y la calidad del servicio, as\u00ed como la implementaci\u00f3n de nuevas tarifas y regulaciones.<\/p>\n\n\n\n<p><strong>Fuente: www.elchubut.com.ar<\/strong><\/p>\n","protected":false},"excerpt":{"rendered":"<p>Los concejales acordaron avanzar en el tratamiento tarifario sin el ingreso formal de los MEC (mecanismo de equilibrio de costos), se ha confirmado un\u00a0aumento tarifario\u00a0significativo para los pr\u00f3ximos meses. A partir de diciembre, las tarifas aumentar\u00e1n un\u00a055%, y otro\u00a055%\u00a0adicional se aplicar\u00e1 en enero de 2024. Este ajuste se realiza sobre el\u00a0Valor Agregado de Distribuci\u00f3n (VAD), [&hellip;]<\/p>\n","protected":false},"author":5,"featured_media":5178,"comment_status":"open","ping_status":"open","sticky":false,"template":"","format":"standard","meta":[],"categories":[14],"tags":[],"_links":{"self":[{"href":"https:\/\/politicapatagonica.com\/index.php\/wp-json\/wp\/v2\/posts\/5177"}],"collection":[{"href":"https:\/\/politicapatagonica.com\/index.php\/wp-json\/wp\/v2\/posts"}],"about":[{"href":"https:\/\/politicapatagonica.com\/index.php\/wp-json\/wp\/v2\/types\/post"}],"author":[{"embeddable":true,"href":"https:\/\/politicapatagonica.com\/index.php\/wp-json\/wp\/v2\/users\/5"}],"replies":[{"embeddable":true,"href":"https:\/\/politicapatagonica.com\/index.php\/wp-json\/wp\/v2\/comments?post=5177"}],"version-history":[{"count":3,"href":"https:\/\/politicapatagonica.com\/index.php\/wp-json\/wp\/v2\/posts\/5177\/revisions"}],"predecessor-version":[{"id":5197,"href":"https:\/\/politicapatagonica.com\/index.php\/wp-json\/wp\/v2\/posts\/5177\/revisions\/5197"}],"wp:featuredmedia":[{"embeddable":true,"href":"https:\/\/politicapatagonica.com\/index.php\/wp-json\/wp\/v2\/media\/5178"}],"wp:attachment":[{"href":"https:\/\/politicapatagonica.com\/index.php\/wp-json\/wp\/v2\/media?parent=5177"}],"wp:term":[{"taxonomy":"category","embeddable":true,"href":"https:\/\/politicapatagonica.com\/index.php\/wp-json\/wp\/v2\/categories?post=5177"},{"taxonomy":"post_tag","embeddable":true,"href":"https:\/\/politicapatagonica.com\/index.php\/wp-json\/wp\/v2\/tags?post=5177"}],"curies":[{"name":"wp","href":"https:\/\/api.w.org\/{rel}","templated":true}]}}