{"id":5174,"date":"2024-11-13T14:21:59","date_gmt":"2024-11-13T14:21:59","guid":{"rendered":"https:\/\/politicapatagonica.com\/?p=5174"},"modified":"2024-11-14T15:09:10","modified_gmt":"2024-11-14T15:09:10","slug":"primero-rio-negro-avanza-en-su-reconocimiento-nacional-para-las-elecciones-de-2025","status":"publish","type":"post","link":"https:\/\/politicapatagonica.com\/index.php\/2024\/11\/13\/primero-rio-negro-avanza-en-su-reconocimiento-nacional-para-las-elecciones-de-2025\/","title":{"rendered":"Primero R\u00edo Negro avanza en su reconocimiento nacional para las elecciones de 2025"},"content":{"rendered":"\n<p>En una breve audiencia encabezada por el juez Federal subrogante con competencia electoral, Hugo Greca, el partido Primero R\u00edo Negro dio&nbsp;<strong>otro paso para su reconocimiento como fuerza nacional que le permita presentar candidatos propios&nbsp;<\/strong>en las elecciones de medio tiempo previstas para el pr\u00f3ximo a\u00f1o.<\/p>\n\n\n\n<p>Fue un tr\u00e1mite r\u00e1pido ya que solo participaron<strong>&nbsp;el abogado viedmense Guillermo Ceballos, apoderado de la fuerza que encabeza el exintendente de Campo Grande y exlegislador provincial Ariel Rivero<\/strong>, Gonzalo Jacob como antiguo apoderado de la Ucede, quien dijo que hab\u00eda recibido una notificaci\u00f3n por correo electr\u00f3nico a pesar que el partido ya no tiene reconocimiento provincial, y Silvina Guti\u00e9rrez, prosecretaria electoral.<\/p>\n\n\n\n<p>Ceballos confirm\u00f3 el uso del logo con la cara de un le\u00f3n sobre el mapa de R\u00edo Negro,&nbsp;<strong>&#8220;el mismo que usamos en la elecci\u00f3n provincial&#8221;, entre otras dos opciones existentes<\/strong>; y desde el juzgado se confirm\u00f3 que se hab\u00edan cumplido todos los tr\u00e1mites para el reconocimiento provisorio de la personer\u00eda, la presentaci\u00f3n del nombre y el logo, como as\u00ed tambi\u00e9n super\u00f3 la cantidad necesaria de adhesiones ya que fueron 2.407.<\/p>\n\n\n\n<p>El juez Greca subray\u00f3 que<strong>&nbsp;&#8220;no se han presentado oposiciones del resto de las fuerzas&#8221;&nbsp;<\/strong>pol\u00edticas reconocidas y que le dar\u00e1 vista al fiscal subrogante para que se expida y pasar a la siguiente etapa.<\/p>\n\n\n\n<p><strong>Fuente: www.rionegro.com.ar<\/strong><\/p>\n\n\n\n<p><a href=\"https:\/\/www.rionegro.com.ar\/politica\/en-rio-negro-otro-partido-libertario-avanzo-en-su-reconocimiento-judicial-y-tiene-su-candidato-3873237\/\"><\/a><\/p>\n","protected":false},"excerpt":{"rendered":"<p>En una breve audiencia encabezada por el juez Federal subrogante con competencia electoral, Hugo Greca, el partido Primero R\u00edo Negro dio&nbsp;otro paso para su reconocimiento como fuerza nacional que le permita presentar candidatos propios&nbsp;en las elecciones de medio tiempo previstas para el pr\u00f3ximo a\u00f1o. Fue un tr\u00e1mite r\u00e1pido ya que solo participaron&nbsp;el abogado viedmense Guillermo [&hellip;]<\/p>\n","protected":false},"author":5,"featured_media":5175,"comment_status":"open","ping_status":"open","sticky":false,"template":"","format":"standard","meta":[],"categories":[13],"tags":[],"_links":{"self":[{"href":"https:\/\/politicapatagonica.com\/index.php\/wp-json\/wp\/v2\/posts\/5174"}],"collection":[{"href":"https:\/\/politicapatagonica.com\/index.php\/wp-json\/wp\/v2\/posts"}],"about":[{"href":"https:\/\/politicapatagonica.com\/index.php\/wp-json\/wp\/v2\/types\/post"}],"author":[{"embeddable":true,"href":"https:\/\/politicapatagonica.com\/index.php\/wp-json\/wp\/v2\/users\/5"}],"replies":[{"embeddable":true,"href":"https:\/\/politicapatagonica.com\/index.php\/wp-json\/wp\/v2\/comments?post=5174"}],"version-history":[{"count":2,"href":"https:\/\/politicapatagonica.com\/index.php\/wp-json\/wp\/v2\/posts\/5174\/revisions"}],"predecessor-version":[{"id":5194,"href":"https:\/\/politicapatagonica.com\/index.php\/wp-json\/wp\/v2\/posts\/5174\/revisions\/5194"}],"wp:featuredmedia":[{"embeddable":true,"href":"https:\/\/politicapatagonica.com\/index.php\/wp-json\/wp\/v2\/media\/5175"}],"wp:attachment":[{"href":"https:\/\/politicapatagonica.com\/index.php\/wp-json\/wp\/v2\/media?parent=5174"}],"wp:term":[{"taxonomy":"category","embeddable":true,"href":"https:\/\/politicapatagonica.com\/index.php\/wp-json\/wp\/v2\/categories?post=5174"},{"taxonomy":"post_tag","embeddable":true,"href":"https:\/\/politicapatagonica.com\/index.php\/wp-json\/wp\/v2\/tags?post=5174"}],"curies":[{"name":"wp","href":"https:\/\/api.w.org\/{rel}","templated":true}]}}