{"id":5171,"date":"2024-11-12T23:41:07","date_gmt":"2024-11-12T23:41:07","guid":{"rendered":"https:\/\/politicapatagonica.com\/?p=5171"},"modified":"2024-11-14T15:06:52","modified_gmt":"2024-11-14T15:06:52","slug":"jaime-alvarez-el-camino-es-buscar-inversores-y-generar-trabajo-genuino-para-santa-cruz","status":"publish","type":"post","link":"https:\/\/politicapatagonica.com\/index.php\/2024\/11\/12\/jaime-alvarez-el-camino-es-buscar-inversores-y-generar-trabajo-genuino-para-santa-cruz\/","title":{"rendered":"El gobierno de Santa Cruz apuesta por atraer inversores en energ\u00edas renovables y gas natural"},"content":{"rendered":"\n<p>El <strong>ministro de Energ\u00eda y Miner\u00eda de Santa Cruz, Jaime \u00c1lvarez, retorn\u00f3 del viaje al que fue convocado por la Uni\u00f3n Europea<\/strong> y que comprendi\u00f3 una <strong>agenda de trabajo en B\u00e9lgica, Dinamarca y Alemania<\/strong>. El funcionario provincial brind\u00f3 detalles de las proyecciones.<\/p>\n\n\n\n<p>El ministro de Energ\u00eda y Miner\u00eda, Jaime \u00c1lvarez, <strong>por indicaci\u00f3n del gobernador Claudio Vidal, llev\u00f3 adelante una agenda de trabajo que involucr\u00f3 visitas a la terminal de regasificaci\u00f3n de Gas Natural Licuado en Zeebrugge, en B\u00e9lgica; al parque e\u00f3lico off shore Middelgrunden, en Dinamarca; como as\u00ed tambi\u00e9n, al barco regasificador de Gas Licuado ubicado en Brunsbuttel, Alemania.<\/strong><\/p>\n\n\n\n<p>Detall\u00f3 en qu\u00e9 const\u00f3 la agenda de viaje: \u201cSabemos que Europa ha cambiado su sector energ\u00e9tico con la guerra entre Rusia y Ucrania, la energ\u00eda y gas que ven\u00eda a Europa Occidental del 100% queda hoy apenas un 24% que lo provee Rusia. Hoy Europa est\u00e1 debatiendo c\u00f3mo va a solucionarlo, no solamente para su poblaci\u00f3n; sino para su industria\u201d.<\/p>\n\n\n\n<p>En ese sentido, explic\u00f3: <strong>\u201cEst\u00e1n convocando a diferentes pa\u00edses del mundo, y dentro de eso a determinadas provincias o regiones, como la Patagonia argentina (Neuqu\u00e9n, R\u00edo Negro, Chubut y Santa Cruz), donde se han visto posibilidades de abastecimiento en el corto y mediano plazo a trav\u00e9s de gas natural licuado, y con fuentes renovables de energ\u00eda como es el hidr\u00f3geno\u201d.<\/strong><\/p>\n\n\n\n<p>Ante ello, \u00c1lvarez destac\u00f3 la posibilidad de que Santa Cruz haya asistido, indicando que \u201cse abren posibilidades de insertar a la provincia con<strong> inversiones actuales y futuras de provisi\u00f3n de energ\u00eda<\/strong>, para nosotros es muy importante, teniendo en cuenta que estas acciones ofrecen alt\u00edsimas posibilidades en lo referente a energ\u00edas renovables y gas natural\u201d.<\/p>\n\n\n\n<p><strong>El titular de la cartera de Energ\u00eda y Miner\u00eda admiti\u00f3 que Europa apunta directamente a puntos estrat\u00e9gicos para establecer lazos y avanzar en negociaciones del sector energ\u00e9tico.<\/strong><\/p>\n\n\n\n<p>\u201cEllos saben a qu\u00e9 pa\u00edses invitan, y a qu\u00e9 regiones; est\u00e1n viendo la posibilidad de abastecerse de energ\u00eda en forma constante y econ\u00f3mica, como tambi\u00e9n programada, est\u00e1n buscando diferentes lugares donde se puedan aprovisionar de esa energ\u00eda, y la Patagonia Argentina es un lugar clave, <strong>tenemos suficiente gas como para abastecer a Europa en las pr\u00f3ximas d\u00e9cadas, y en el futuro, con energ\u00edas limpias que es a lo que apunta Europa<\/strong>\u201d, desarroll\u00f3.<\/p>\n\n\n\n<p>En este punto, explic\u00f3 que \u201cpa\u00edses como Alemania necesitan recursos, materia prima, fundamentalmente energ\u00eda que es lo que mueve todas las m\u00e1quinas\u201d, subray\u00f3 y agreg\u00f3 \u201cEuropa sabe que debe cubrir con ese requerimiento y realizar importantes inversiones para poder abastecerse de la energ\u00eda que necesitan\u201d.<\/p>\n\n\n\n<p><strong>Consultado sobre las proyecciones de Santa Cruz, el funcionario indic\u00f3 que \u201ctenemos un potencial enorme, Palermo Aike es una pol\u00edtica de Estado para la provincia, tenemos que aprovechar esa explotaci\u00f3n, fundamentalmente lo que es petr\u00f3leo no convencional y gas no convencional<\/strong>. Claudio Vidal nos ha marcado una agenda de trabajo en la cual hay que poner en valor y desarrollar Palermo Aike, industrializando la provincia\u201d, mencion\u00f3 luego.<\/p>\n\n\n\n<p>Al cierre, el ministro de Energ\u00eda marc\u00f3 que \u201ctenemos que salir a<strong> buscar a los inversores, que vengan a Santa Cruz<\/strong> y de esa manera generar valor agregado a todos los santacruce\u00f1os, el camino es buscar inversores privados y trabajo genuino para toda Santa Cruz, eso nos pidi\u00f3 el gobernador\u201d, subray\u00f3 el ministro y agreg\u00f3 que <strong>\u201cel intercambio con las empresas que hemos hecho traer\u00e1 anuncios claros para la provincia, ser\u00e1 el gobernador quien de ese tipo de anuncios cuando ya haya definiciones concretas\u201d.<\/strong><\/p>\n\n\n\n<p><strong>Fuente: laprensadesantacruz.info<\/strong><\/p>\n","protected":false},"excerpt":{"rendered":"<p>El ministro de Energ\u00eda y Miner\u00eda de Santa Cruz, Jaime \u00c1lvarez, retorn\u00f3 del viaje al que fue convocado por la Uni\u00f3n Europea y que comprendi\u00f3 una agenda de trabajo en B\u00e9lgica, Dinamarca y Alemania. El funcionario provincial brind\u00f3 detalles de las proyecciones. El ministro de Energ\u00eda y Miner\u00eda, Jaime \u00c1lvarez, por indicaci\u00f3n del gobernador Claudio [&hellip;]<\/p>\n","protected":false},"author":5,"featured_media":5172,"comment_status":"open","ping_status":"open","sticky":false,"template":"","format":"standard","meta":[],"categories":[8],"tags":[],"_links":{"self":[{"href":"https:\/\/politicapatagonica.com\/index.php\/wp-json\/wp\/v2\/posts\/5171"}],"collection":[{"href":"https:\/\/politicapatagonica.com\/index.php\/wp-json\/wp\/v2\/posts"}],"about":[{"href":"https:\/\/politicapatagonica.com\/index.php\/wp-json\/wp\/v2\/types\/post"}],"author":[{"embeddable":true,"href":"https:\/\/politicapatagonica.com\/index.php\/wp-json\/wp\/v2\/users\/5"}],"replies":[{"embeddable":true,"href":"https:\/\/politicapatagonica.com\/index.php\/wp-json\/wp\/v2\/comments?post=5171"}],"version-history":[{"count":2,"href":"https:\/\/politicapatagonica.com\/index.php\/wp-json\/wp\/v2\/posts\/5171\/revisions"}],"predecessor-version":[{"id":5193,"href":"https:\/\/politicapatagonica.com\/index.php\/wp-json\/wp\/v2\/posts\/5171\/revisions\/5193"}],"wp:featuredmedia":[{"embeddable":true,"href":"https:\/\/politicapatagonica.com\/index.php\/wp-json\/wp\/v2\/media\/5172"}],"wp:attachment":[{"href":"https:\/\/politicapatagonica.com\/index.php\/wp-json\/wp\/v2\/media?parent=5171"}],"wp:term":[{"taxonomy":"category","embeddable":true,"href":"https:\/\/politicapatagonica.com\/index.php\/wp-json\/wp\/v2\/categories?post=5171"},{"taxonomy":"post_tag","embeddable":true,"href":"https:\/\/politicapatagonica.com\/index.php\/wp-json\/wp\/v2\/tags?post=5171"}],"curies":[{"name":"wp","href":"https:\/\/api.w.org\/{rel}","templated":true}]}}