{"id":5166,"date":"2024-11-12T23:11:10","date_gmt":"2024-11-12T23:11:10","guid":{"rendered":"https:\/\/politicapatagonica.com\/?p=5166"},"modified":"2024-11-14T15:00:33","modified_gmt":"2024-11-14T15:00:33","slug":"rolando-figueroa-a-neuquen-le-va-a-ir-bien-si-a-las-mujeres-de-neuquen-les-va-bien","status":"publish","type":"post","link":"https:\/\/politicapatagonica.com\/index.php\/2024\/11\/12\/rolando-figueroa-a-neuquen-le-va-a-ir-bien-si-a-las-mujeres-de-neuquen-les-va-bien\/","title":{"rendered":"Rolando Figueroa: &#8220;A Neuqu\u00e9n le va a ir bien si a las mujeres de Neuqu\u00e9n les va bien&#8221;"},"content":{"rendered":"\n<p>El gobernador<strong>\u00a0Rolando Figueroa\u00a0<\/strong>encabez\u00f3 la apertura de la<strong>\u00a0jornada t\u00e9cnica \u201cNeuquinas invierten: tiempo e ideas de negocios\u201d<\/strong>\u00a0en el Espacio Duam y que convoc\u00f3 a m\u00e1s de 300 mujeres emprendedoras, empresarias e integrantes de pueblos originarios.<\/p>\n\n\n\n<p>El objetivo es ofrecer un<strong>&nbsp;espacio formativo para acelerar el aprendizaje de herramientas financieras<\/strong>&nbsp;para la toma de decisiones relativas a cr\u00e9ditos, an\u00e1lisis de las ventajas de escalar su emprendimiento o negocio y acceder a financiamientos adaptados a los proyectos.<\/p>\n\n\n\n<p>La propuesta es impulsada por la secretar\u00eda de G\u00e9nero del ministerio de Desarrollo Humano, Gobiernos Locales y Mujeres. Cuenta con la participaci\u00f3n de&nbsp;<strong>ONU Mujeres<\/strong>&nbsp;y el&nbsp;<strong>Consejo Federal de Inversiones (CFI)<\/strong>. Durante la jornada, habr\u00e1 charlas dictadas por referentes de organismos nacionales e internacionales, laboratorios de ideas de acuerdo con los distintos intereses, difusi\u00f3n de l\u00edneas de financiamiento y una muestra de productos.<\/p>\n\n\n\n<p>\u201cLlegamos para ordenar y redistribuir.<strong> Cuando uno menciona eso, siempre piensa que son recursos monetarios. Y en realidad uno tiene que ordenar oportunidades, combatir las injusticias y redistribuir estas oportunidades\u201d, manifest\u00f3 el gobernador y consider\u00f3 que, sin la intervenci\u00f3n del Estado<\/strong>, \u201ctermina increment\u00e1ndose esa brecha de desigualdad\u201d.<\/p>\n\n\n\n<p>Destac\u00f3 la importancia de generar \u201cestos canales y estas oportunidades que se deben reproducir en distintos lugares\u201d. \u201cLes tenemos que otorgar herramientas a muchas m\u00e1s mujeres\u201d, dijo y agreg\u00f3: \u201cEsto va en todos los aspectos de la vida. Va en el estudio y tambi\u00e9n en poder llegar a la gobernanza\u201d.<\/p>\n\n\n\n<h2><strong>Gobierno de mujeres<\/strong><\/h2>\n\n\n\n<p><strong>\u201cUna gobernanza por mujeres estoy convencido que es totalmente diferente. La mujer es generosa y, de acuerdo a las experiencias que he vivido, los miserables no llegan a nada en la vida. La generosidad es lo que permanentemente va abonando la oportunidad\u201d, se\u00f1al\u00f3.<\/strong><\/p>\n\n\n\n<p>\u201cTenemos que otorgar otras oportunidades para que m\u00e1s mujeres puedan tener acceso, incluso en lo que a m\u00ed respecta, en la gobernanza\u201d, sostuvo Figueroa y expres\u00f3: \u201cAlg\u00fan d\u00eda vamos a poder llegar a tener una gobernadora de la provincia del Neuqu\u00e9n\u201d.<\/p>\n\n\n\n<p>Destac\u00f3 las pol\u00edticas que se desarrollan desde el gobierno provincial y asegur\u00f3 que \u201cestamos generando oportunidades con el Emplea Neuqu\u00e9n para mayor n\u00famero de mujeres\u201d. <strong>\u201cHoy es un eslab\u00f3n importante trabajar en la iniciativa de cada una de ustedes para generarse el autoempleo, para ser empresarias exitosas, para poder compartir e inspirar\u201d, <\/strong>agreg\u00f3.<\/p>\n\n\n\n<p>\u201cOjal\u00e1 que hoy puedan compartir una buena jornada y podamos aportar nuevas herramientas\u201d, se\u00f1al\u00f3 el mandatario y destac\u00f3 la importancia de generar pol\u00edticas que fortalezcan \u201cla independencia econ\u00f3mica\u201d de las mujeres de la provincia. \u201cEstoy convencido de que a Neuqu\u00e9n le va a ir bien, si a las mujeres de Neuqu\u00e9n les va bien\u201d, concluy\u00f3.<\/p>\n\n\n\n<p>La ministra de Desarrollo Humano, Gobiernos Locales y Mujeres,<strong>&nbsp;Julieta Corroza<\/strong>&nbsp;remarc\u00f3 que Neuqu\u00e9n es \u201cuna de las pocas provincias que mantuvo el ministerio de las Mujeres, y eso es una decisi\u00f3n de gobierno que para nosotros es muy importante\u201d. Dijo que mantener un ministerio y contar con una secretar\u00eda de G\u00e9nero<strong> \u201cnos ha permitido llevar adelante todas estas pol\u00edticas p\u00fablicas\u201d.<\/strong><\/p>\n\n\n\n<p>\u201cCuando reci\u00e9n asumimos, el objetivo como gobierno fue que el ministerio de las Mujeres no trabajara solamente con la perspectiva de g\u00e9nero y la violencia\u201d, indic\u00f3 y agreg\u00f3:<strong> \u201cVen\u00edamos de unos indicadores muy terribles en Neuqu\u00e9n y, por supuesto, que el objetivo primordial que nos dio el gobernador era bajar esos indicadores y trabajar fuertemente con todo el tema de violencia, abuso y perspectiva de g\u00e9nero\u201d<\/strong>. \u201cPero tambi\u00e9n nos encomend\u00f3 la independencia econ\u00f3mica de las mujeres\u201d, afirm\u00f3.<\/p>\n\n\n\n<h2>ONU y CFI<\/h2>\n\n\n\n<p>Agradeci\u00f3 a ONU Mujeres y el CFI y expres\u00f3: \u201cValoro mucho este equipo estrat\u00e9gico que armamos\u201d. Adem\u00e1s, coment\u00f3 que \u201ccomenzamos a llevar adelante -a lo largo de todo el a\u00f1o- un trabajo en cada una de las localidades y las comunidades\u201d y consider\u00f3 que el plan del gobierno se fue fortaleciendo con \u201clas miradas\u201d de las mujeres de toda la provincia.<\/p>\n\n\n\n<p><strong>\u201cTenemos una gran visi\u00f3n desde el Estado provincial, que es generar las pol\u00edticas p\u00fablicas para que ustedes tengan las herramientas que fortalezcan los emprendimientos que tienen\u201d, se\u00f1al\u00f3 Corroza y dijo que para eso se trabaja con dos l\u00edneas de acci\u00f3n, una centrada en las herramientas t\u00e9cnicas y otra relacionada con el acompa\u00f1amiento econ\u00f3mico. \u201cDe nada sirve que las dotemos de herramientas si despu\u00e9s no tienen la manera de financiar ese proyecto\u201d, ampli\u00f3.<\/strong><\/p>\n\n\n\n<p>Las obras de infraestructura ser\u00e1n financiadas por el CFI.<\/p>\n\n\n\n<p>\u201cHay una decisi\u00f3n pol\u00edtica de que tengamos las oportunidades de crecimiento que nos merecemos. Anhelo que el d\u00eda de ma\u00f1ana Neuqu\u00e9n siga teniendo mujeres que puedan liderar los procesos, porque realmente tenemos las capacidades, solamente nos falta la oportunidad y es la que estamos teniendo\u201d, finaliz\u00f3.<\/p>\n\n\n\n<p>Por su parte, la secretaria de G\u00e9nero, Natalia Fenizi agradeci\u00f3 al gobernador y su gabinete por<strong> \u201cabrir la posibilidad de que haya pol\u00edticas p\u00fablicas para la igualdad en la provincia\u201d. <\/strong>Tambi\u00e9n destac\u00f3 la importancia del Estado para \u201ccumplir marcos normativos internacionales y nacionales en los que hemos sido punta de lanza en el pa\u00eds y en la provincia\u201d.<\/p>\n\n\n\n<p>Sobre la jornada, destac\u00f3 la importancia de las \u201ccharlas magistrales, que son conocimientos t\u00e9cnicos concretos de representantes de ONU Mujeres y del Consejo Federal de Inversiones\u201d.<strong> \u201cEste gobierno abre las puertas a organismos internacionales; nos traen tendencias globales y tambi\u00e9n nos integramos en procesos federales\u201d<\/strong>, a\u00f1adi\u00f3.<\/p>\n\n\n\n<p>La Jefa de Gabinete del CFI, Marcela Garavano destac\u00f3 el trabajo de la provincia para \u201cdesarrollar pol\u00edticas p\u00fablicas con una convicci\u00f3n y un argumento sustantivo\u201d y remarc\u00f3 la coincidencia en que \u201clos entornos m\u00e1s igualitarios y los espacios libres de violencia de g\u00e9nero tienen que ser siempre vistos en clave de soberan\u00eda econ\u00f3mica\u201d.<\/p>\n\n\n\n<p>\u201cHicimos una recorrida por muchas localidades de la provincia difundiendo esta herramienta, este programa para el desarrollo productivo y financiero de las mujeres neuquinas\u201d, dijo Garavano y explic\u00f3 que durante la jornada de hoy se pondr\u00e1n a disposici\u00f3n <strong>\u201cherramientas t\u00e9cnicas que estamos seguras que les van a servir para sus proyectos, emprendimientos y empresas\u201d.<\/strong><\/p>\n\n\n\n<p>Finalmente,<strong> la representante de ONU Mujeres en Argentina, Magdalena Furtado recalc\u00f3: \u201cSe nota que en esta provincia hay compromiso y hay liderazgo\u201d. \u201cQueremos sumar a los planes que tiene la provincia\u201d,<\/strong> se\u00f1al\u00f3.<\/p>\n\n\n\n<p>Furtado expres\u00f3 que <strong>\u201clas pol\u00edticas p\u00fablicas nunca son neutrales y si no tienen expl\u00edcitamente una perspectiva de g\u00e9nero, por lo general lo que termina pasando es que terminan ampliando las brechas y las desigualdades<\/strong>\u201d. \u201cMe encanta y celebro que esta provincia s\u00ed tenga un plan de equidad\u201d, asever\u00f3.<\/p>\n\n\n\n<p><strong>Fuente: www.lmneuquen.com<\/strong><\/p>\n","protected":false},"excerpt":{"rendered":"<p>El gobernador\u00a0Rolando Figueroa\u00a0encabez\u00f3 la apertura de la\u00a0jornada t\u00e9cnica \u201cNeuquinas invierten: tiempo e ideas de negocios\u201d\u00a0en el Espacio Duam y que convoc\u00f3 a m\u00e1s de 300 mujeres emprendedoras, empresarias e integrantes de pueblos originarios. El objetivo es ofrecer un&nbsp;espacio formativo para acelerar el aprendizaje de herramientas financieras&nbsp;para la toma de decisiones relativas a cr\u00e9ditos, an\u00e1lisis de [&hellip;]<\/p>\n","protected":false},"author":5,"featured_media":5167,"comment_status":"open","ping_status":"open","sticky":false,"template":"","format":"standard","meta":[],"categories":[9],"tags":[],"_links":{"self":[{"href":"https:\/\/politicapatagonica.com\/index.php\/wp-json\/wp\/v2\/posts\/5166"}],"collection":[{"href":"https:\/\/politicapatagonica.com\/index.php\/wp-json\/wp\/v2\/posts"}],"about":[{"href":"https:\/\/politicapatagonica.com\/index.php\/wp-json\/wp\/v2\/types\/post"}],"author":[{"embeddable":true,"href":"https:\/\/politicapatagonica.com\/index.php\/wp-json\/wp\/v2\/users\/5"}],"replies":[{"embeddable":true,"href":"https:\/\/politicapatagonica.com\/index.php\/wp-json\/wp\/v2\/comments?post=5166"}],"version-history":[{"count":3,"href":"https:\/\/politicapatagonica.com\/index.php\/wp-json\/wp\/v2\/posts\/5166\/revisions"}],"predecessor-version":[{"id":5191,"href":"https:\/\/politicapatagonica.com\/index.php\/wp-json\/wp\/v2\/posts\/5166\/revisions\/5191"}],"wp:featuredmedia":[{"embeddable":true,"href":"https:\/\/politicapatagonica.com\/index.php\/wp-json\/wp\/v2\/media\/5167"}],"wp:attachment":[{"href":"https:\/\/politicapatagonica.com\/index.php\/wp-json\/wp\/v2\/media?parent=5166"}],"wp:term":[{"taxonomy":"category","embeddable":true,"href":"https:\/\/politicapatagonica.com\/index.php\/wp-json\/wp\/v2\/categories?post=5166"},{"taxonomy":"post_tag","embeddable":true,"href":"https:\/\/politicapatagonica.com\/index.php\/wp-json\/wp\/v2\/tags?post=5166"}],"curies":[{"name":"wp","href":"https:\/\/api.w.org\/{rel}","templated":true}]}}