{"id":5148,"date":"2024-11-08T23:33:17","date_gmt":"2024-11-08T23:33:17","guid":{"rendered":"https:\/\/politicapatagonica.com\/?p=5148"},"modified":"2024-11-09T14:30:39","modified_gmt":"2024-11-09T14:30:39","slug":"el-gobierno-avanza-en-la-remodelacion-de-la-guardia-del-hospital-regional-de-rio-gallegos","status":"publish","type":"post","link":"https:\/\/politicapatagonica.com\/index.php\/2024\/11\/08\/el-gobierno-avanza-en-la-remodelacion-de-la-guardia-del-hospital-regional-de-rio-gallegos\/","title":{"rendered":"El Gobierno avanza en la remodelaci\u00f3n de la Guardia del Hospital Regional de R\u00edo Gallegos"},"content":{"rendered":"\n<p><strong>El Gobierno de Santa Cruz, dando continuidad a los lineamientos de gesti\u00f3n, profundiza pol\u00edticas sanitarias en el territorio<\/strong>. En el mes de octubre, el Ejecutivo anunci\u00f3 un ambicioso plan de obras que contempla la construcci\u00f3n de 1.000 viviendas, infraestructura educativa y la ampliaci\u00f3n de servicios b\u00e1sicos en R\u00edo Gallegos.&nbsp;<\/p>\n\n\n\n<p><strong>Este avance significativo incluye la remodelaci\u00f3n integral de las guardias del Hospital, tanto de la guardia pedi\u00e1trica como la guardia principal.<\/strong> En esta oportunidad, la refacci\u00f3n <strong>abarcar\u00e1 m\u00e1s de 800 metros cuadrados<\/strong> y garantizar\u00e1 el poder dar respuesta, de una manera \u00e1gil y eficiente, a las demandas de los pacientes.<\/p>\n\n\n\n<p>Este proyecto abarcar\u00e1 tambi\u00e9n <strong>la ampliaci\u00f3n del \u00e1rea de Hemoterapia del Hospital Regional de R\u00edo Gallegos, que estar\u00e1 ubicada en la nueva guardia, lo que permitir\u00e1, adem\u00e1s de una mayor capacidad en la atenci\u00f3n de donantes y pacientes que requieren transfusiones, una modernizaci\u00f3n integral de los espacios de servicio.<\/strong><\/p>\n\n\n\n<p>Es por eso que, desde el Instituto de Desarrollo Urbano y Vivienda, se llev\u00f3 adelante la recepci\u00f3n y apertura de los sobres que contienen las ofertas presentadas en el llamado a<\/p>\n\n\n\n<p>Desde el Instituto de Desarrollo Urbano y Vivienda, <strong>se llev\u00f3 a cabo en el Departamento de Licitaciones y Compras de este Instituto la RECEPCION Y APERTURA de los sobres conteniendo las ofertas presentadas en el llamado a Licitaci\u00f3n P\u00fablica IDUV N\u00b0 03\/24, para dar a contratar la ejecuci\u00f3n de la obra.<\/strong><\/p>\n\n\n\n<p>Integran la Comisi\u00f3n y Recepci\u00f3n y Apertura de Ofertas, el presidente del IDUV, Cristian Mansilla, la ministra de Salud, Anal\u00eda Costantini, la vocal del Poder Ejecutivo, Susana Paredes, y&nbsp; la vocal del Poder Ejecutivo, Florencia \u00c1lvarez, y el abogado, Santiago Luis Pinto.<\/p>\n\n\n\n<p>En este caso, se cont\u00f3 con dos sobres para el llamado:<\/p>\n\n\n\n<p>SOBRE N\u00b0 1 Y 3 &#8211; Oferta N\u00b0 1 presentada por la firma <strong>CONSUR S.R.L: integrando la documentaci\u00f3n solicitada de pliego.&nbsp; La oferta N\u00b0 2 corresponde a la propuesta econ\u00f3mica ofreciendo realizar la misma por un monto de $749.664.566,27.<\/strong><\/p>\n\n\n\n<p>SOBRE N\u00b0 1 Y 3&nbsp; &#8211; Oferta N\u00b0 2 presentada por la firma <strong>CARRIZO STELLA MARIS, con documentaci\u00f3n solicitada de pliego. Se ofrece a concretar la obra por una suma total de $760.567.55,85.<\/strong><\/p>\n\n\n\n<p><strong>Fuente: noticias.santacruz.gob.ar<\/strong><\/p>\n","protected":false},"excerpt":{"rendered":"<p>El Gobierno de Santa Cruz, dando continuidad a los lineamientos de gesti\u00f3n, profundiza pol\u00edticas sanitarias en el territorio. En el mes de octubre, el Ejecutivo anunci\u00f3 un ambicioso plan de obras que contempla la construcci\u00f3n de 1.000 viviendas, infraestructura educativa y la ampliaci\u00f3n de servicios b\u00e1sicos en R\u00edo Gallegos.&nbsp; Este avance significativo incluye la remodelaci\u00f3n [&hellip;]<\/p>\n","protected":false},"author":5,"featured_media":5149,"comment_status":"open","ping_status":"open","sticky":false,"template":"","format":"standard","meta":[],"categories":[8],"tags":[],"_links":{"self":[{"href":"https:\/\/politicapatagonica.com\/index.php\/wp-json\/wp\/v2\/posts\/5148"}],"collection":[{"href":"https:\/\/politicapatagonica.com\/index.php\/wp-json\/wp\/v2\/posts"}],"about":[{"href":"https:\/\/politicapatagonica.com\/index.php\/wp-json\/wp\/v2\/types\/post"}],"author":[{"embeddable":true,"href":"https:\/\/politicapatagonica.com\/index.php\/wp-json\/wp\/v2\/users\/5"}],"replies":[{"embeddable":true,"href":"https:\/\/politicapatagonica.com\/index.php\/wp-json\/wp\/v2\/comments?post=5148"}],"version-history":[{"count":2,"href":"https:\/\/politicapatagonica.com\/index.php\/wp-json\/wp\/v2\/posts\/5148\/revisions"}],"predecessor-version":[{"id":5154,"href":"https:\/\/politicapatagonica.com\/index.php\/wp-json\/wp\/v2\/posts\/5148\/revisions\/5154"}],"wp:featuredmedia":[{"embeddable":true,"href":"https:\/\/politicapatagonica.com\/index.php\/wp-json\/wp\/v2\/media\/5149"}],"wp:attachment":[{"href":"https:\/\/politicapatagonica.com\/index.php\/wp-json\/wp\/v2\/media?parent=5148"}],"wp:term":[{"taxonomy":"category","embeddable":true,"href":"https:\/\/politicapatagonica.com\/index.php\/wp-json\/wp\/v2\/categories?post=5148"},{"taxonomy":"post_tag","embeddable":true,"href":"https:\/\/politicapatagonica.com\/index.php\/wp-json\/wp\/v2\/tags?post=5148"}],"curies":[{"name":"wp","href":"https:\/\/api.w.org\/{rel}","templated":true}]}}