{"id":5144,"date":"2024-11-08T23:18:52","date_gmt":"2024-11-08T23:18:52","guid":{"rendered":"https:\/\/politicapatagonica.com\/?p=5144"},"modified":"2024-11-09T14:28:53","modified_gmt":"2024-11-09T14:28:53","slug":"rolando-figueroa-prometio-mas-politicas-de-seguridad","status":"publish","type":"post","link":"https:\/\/politicapatagonica.com\/index.php\/2024\/11\/08\/rolando-figueroa-prometio-mas-politicas-de-seguridad\/","title":{"rendered":"Rolando Figueroa prometi\u00f3 m\u00e1s pol\u00edticas en seguridad para Neuqu\u00e9n"},"content":{"rendered":"\n<p>La<strong>\u00a0Polic\u00eda Federal Argentina<\/strong>\u00a0festej\u00f3 su<strong>\u00a0203\u00ba aniversario\u00a0<\/strong>y en\u00a0<strong>Neuqu\u00e9n<\/strong>\u00a0la celebraci\u00f3n se desarroll\u00f3 este viernes en el Auditorio de Casa de Gobierno. Durante el acto, el gobernador\u00a0<strong>Rolando Figueroa\u00a0destac\u00f3 que \u201clo que necesita el ciudadano es mayor seguridad\u201d <\/strong>y recalc\u00f3 que para eso es necesario un trabajo coordinado entre las fuerzas federales y la provincial.<\/p>\n\n\n\n<p>\u201c<strong>El ciudadano no sabe muchas veces cu\u00e1les son los deberes de cu\u00e1l Polic\u00eda o de qui\u00e9n es deber<\/strong>. Lo que necesita el ciudadano es mayor seguridad y estar libre de determinadas problem\u00e1ticas, y para eso necesita de las fuerzas federales y de las provinciales. Por eso lo importante es poder coordinar el trabajo\u201d, expres\u00f3 el gobernador.<\/p>\n\n\n\n<p>Indic\u00f3 que&nbsp;<strong>Neuqu\u00e9n asumi\u00f3 \u201cun trabajo que para nosotros estaba pendiente\u201d<\/strong>, que comprende la decisi\u00f3n de trabajar para combatir el narcomenudeo desde la Justicia provincial.<\/p>\n\n\n\n<p><em>\u201c<\/em>Estamos convencidos de que con nuestra Polic\u00eda podemos colaborar\u201d, se\u00f1al\u00f3 Figueroa y consider\u00f3 que \u201csi nosotros nos focalizamos en el narcomenudeo\u201d, desde&nbsp;<strong>las fuerzas federales se puede \u201cconcentrar la atenci\u00f3n en el narcotr\u00e1fico<\/strong>, que de hecho lo est\u00e1n haciendo muy bien dentro de la provincia del Neuqu\u00e9n\u201d.<\/p>\n\n\n\n<p>\u201c<strong>No en vano fue el secuestro de m\u00e1s de 700 kilos de droga en Caviahue<\/strong>\u201d, ejemplific\u00f3 el mandatario y destac\u00f3 que del operativo participaron Gendarmer\u00eda Nacional, la Justicia Federal y \u201ccolabor\u00f3 tambi\u00e9n la Polic\u00eda de la provincia del Neuqu\u00e9n, para no despertar sospechas\u201d.<\/p>\n\n\n\n<p>\u201cEstas acciones nos van llevando a tener buenos resultados\u201d, expres\u00f3 y consider\u00f3 que \u201cseguramente las estad\u00edsticas nos ratificar\u00e1n esto a lo largo del tiempo\u201d.<\/p>\n\n\n\n<h2>La Polic\u00eda Federal en Neuqu\u00e9n<\/h2>\n\n\n\n<p>Destac\u00f3 la presencia de la Polic\u00eda Federal en Neuqu\u00e9n capital, Zapala y San Mart\u00edn de los Andes y dijo que \u201ctiene una rica historia dentro de la provincia\u201d. \u201cTenemos muchos desaf\u00edos en conjunto\u201d, concluy\u00f3.<\/p>\n\n\n\n<p>Por su parte, el director general de la Agencia Regional Federal Patagonia Norte Neuqu\u00e9n, comisario mayor&nbsp;<strong>Sergio Brizuela<\/strong>&nbsp;agradeci\u00f3 al gobernador por la posibilidad de desarrollar el acto en Casa de Gobierno y luego hizo una rese\u00f1a hist\u00f3rica sobre la Polic\u00eda Federal.<\/p>\n\n\n\n<p>\u201cEste a\u00f1o, como todos los a\u00f1os, hemos trabajado bastante y hemos obtenido muy buenos resultados\u201d, dijo Brizuela y detall\u00f3 que \u201chemos realizado m\u00e1s de 600 procedimientos por infracci\u00f3n a las leyes de drogas, con la consecuente detenci\u00f3n de sus autores, el secuestro de los veh\u00edculos y de drogas\u201d.<\/p>\n\n\n\n<p>Adem\u00e1s, inform\u00f3 que \u201chemos realizado 458 procedimientos de distintas \u00edndoles -pero todo en materia federal- y la captura de 63 personas que estaban siendo requeridas por la justicia\u201d.<\/p>\n\n\n\n<p><strong>Fuente: www.lmneuquen.com<\/strong><\/p>\n","protected":false},"excerpt":{"rendered":"<p>La\u00a0Polic\u00eda Federal Argentina\u00a0festej\u00f3 su\u00a0203\u00ba aniversario\u00a0y en\u00a0Neuqu\u00e9n\u00a0la celebraci\u00f3n se desarroll\u00f3 este viernes en el Auditorio de Casa de Gobierno. Durante el acto, el gobernador\u00a0Rolando Figueroa\u00a0destac\u00f3 que \u201clo que necesita el ciudadano es mayor seguridad\u201d y recalc\u00f3 que para eso es necesario un trabajo coordinado entre las fuerzas federales y la provincial. \u201cEl ciudadano no sabe muchas [&hellip;]<\/p>\n","protected":false},"author":5,"featured_media":5145,"comment_status":"open","ping_status":"open","sticky":false,"template":"","format":"standard","meta":[],"categories":[9],"tags":[],"_links":{"self":[{"href":"https:\/\/politicapatagonica.com\/index.php\/wp-json\/wp\/v2\/posts\/5144"}],"collection":[{"href":"https:\/\/politicapatagonica.com\/index.php\/wp-json\/wp\/v2\/posts"}],"about":[{"href":"https:\/\/politicapatagonica.com\/index.php\/wp-json\/wp\/v2\/types\/post"}],"author":[{"embeddable":true,"href":"https:\/\/politicapatagonica.com\/index.php\/wp-json\/wp\/v2\/users\/5"}],"replies":[{"embeddable":true,"href":"https:\/\/politicapatagonica.com\/index.php\/wp-json\/wp\/v2\/comments?post=5144"}],"version-history":[{"count":3,"href":"https:\/\/politicapatagonica.com\/index.php\/wp-json\/wp\/v2\/posts\/5144\/revisions"}],"predecessor-version":[{"id":5153,"href":"https:\/\/politicapatagonica.com\/index.php\/wp-json\/wp\/v2\/posts\/5144\/revisions\/5153"}],"wp:featuredmedia":[{"embeddable":true,"href":"https:\/\/politicapatagonica.com\/index.php\/wp-json\/wp\/v2\/media\/5145"}],"wp:attachment":[{"href":"https:\/\/politicapatagonica.com\/index.php\/wp-json\/wp\/v2\/media?parent=5144"}],"wp:term":[{"taxonomy":"category","embeddable":true,"href":"https:\/\/politicapatagonica.com\/index.php\/wp-json\/wp\/v2\/categories?post=5144"},{"taxonomy":"post_tag","embeddable":true,"href":"https:\/\/politicapatagonica.com\/index.php\/wp-json\/wp\/v2\/tags?post=5144"}],"curies":[{"name":"wp","href":"https:\/\/api.w.org\/{rel}","templated":true}]}}