{"id":5141,"date":"2024-11-08T15:01:15","date_gmt":"2024-11-08T15:01:15","guid":{"rendered":"https:\/\/politicapatagonica.com\/?p=5141"},"modified":"2024-11-08T15:01:16","modified_gmt":"2024-11-08T15:01:16","slug":"merino-respaldo-a-ferrelli-para-la-presidencia-de-la-convencion-de-la-ucr","status":"publish","type":"post","link":"https:\/\/politicapatagonica.com\/index.php\/2024\/11\/08\/merino-respaldo-a-ferrelli-para-la-presidencia-de-la-convencion-de-la-ucr\/","title":{"rendered":"Merino respald\u00f3 a Ferrelli para la presidencia de la Convenci\u00f3n de la UCR"},"content":{"rendered":"\n<p>&#8220;Merecido a un militante que, adem\u00e1s de ser parte de nuestra renovaci\u00f3n partidaria, acompa\u00f1a un proyecto pol\u00edtico partidario y de gesti\u00f3n&#8221;, afirm\u00f3 el intendente de Trelew, Gerardo Merino, en su cuenta de X.&nbsp;<\/p>\n\n\n\n<p>El concejal fue propuesto por el Comit\u00e9 trelewense, en lugar de Edith Terenzi, quien baj\u00f3 su aspiraci\u00f3n por razones personales. Y en el medio aparecieron expresiones de rechazo, como la del edil Rub\u00e9n C\u00e1ceres, quien dijo que hab\u00eda otros dirigentes con mayor expertise y apunt\u00f3 contra el sector que representa Ferrelli, el Frente Radical Amaya (Frach).<\/p>\n\n\n\n<p>M\u00e1s all\u00e1 de eso, el intendente confirm\u00f3 &#8220;todo mi apoyo: adelante Leonardo Ferrelli&#8221;.<\/p>\n\n\n\n<p><strong>Fuente: www.elchubut.com.ar<\/strong><\/p>\n","protected":false},"excerpt":{"rendered":"<p>&#8220;Merecido a un militante que, adem\u00e1s de ser parte de nuestra renovaci\u00f3n partidaria, acompa\u00f1a un proyecto pol\u00edtico partidario y de gesti\u00f3n&#8221;, afirm\u00f3 el intendente de Trelew, Gerardo Merino, en su cuenta de X.&nbsp; El concejal fue propuesto por el Comit\u00e9 trelewense, en lugar de Edith Terenzi, quien baj\u00f3 su aspiraci\u00f3n por razones personales. Y en [&hellip;]<\/p>\n","protected":false},"author":5,"featured_media":5142,"comment_status":"open","ping_status":"open","sticky":false,"template":"","format":"standard","meta":[],"categories":[14],"tags":[],"_links":{"self":[{"href":"https:\/\/politicapatagonica.com\/index.php\/wp-json\/wp\/v2\/posts\/5141"}],"collection":[{"href":"https:\/\/politicapatagonica.com\/index.php\/wp-json\/wp\/v2\/posts"}],"about":[{"href":"https:\/\/politicapatagonica.com\/index.php\/wp-json\/wp\/v2\/types\/post"}],"author":[{"embeddable":true,"href":"https:\/\/politicapatagonica.com\/index.php\/wp-json\/wp\/v2\/users\/5"}],"replies":[{"embeddable":true,"href":"https:\/\/politicapatagonica.com\/index.php\/wp-json\/wp\/v2\/comments?post=5141"}],"version-history":[{"count":1,"href":"https:\/\/politicapatagonica.com\/index.php\/wp-json\/wp\/v2\/posts\/5141\/revisions"}],"predecessor-version":[{"id":5143,"href":"https:\/\/politicapatagonica.com\/index.php\/wp-json\/wp\/v2\/posts\/5141\/revisions\/5143"}],"wp:featuredmedia":[{"embeddable":true,"href":"https:\/\/politicapatagonica.com\/index.php\/wp-json\/wp\/v2\/media\/5142"}],"wp:attachment":[{"href":"https:\/\/politicapatagonica.com\/index.php\/wp-json\/wp\/v2\/media?parent=5141"}],"wp:term":[{"taxonomy":"category","embeddable":true,"href":"https:\/\/politicapatagonica.com\/index.php\/wp-json\/wp\/v2\/categories?post=5141"},{"taxonomy":"post_tag","embeddable":true,"href":"https:\/\/politicapatagonica.com\/index.php\/wp-json\/wp\/v2\/tags?post=5141"}],"curies":[{"name":"wp","href":"https:\/\/api.w.org\/{rel}","templated":true}]}}