{"id":5124,"date":"2024-11-07T23:44:56","date_gmt":"2024-11-07T23:44:56","guid":{"rendered":"https:\/\/politicapatagonica.com\/?p=5124"},"modified":"2024-11-08T00:03:00","modified_gmt":"2024-11-08T00:03:00","slug":"arenga-al-pj-para-recuperar-el-gobierno-en-2027","status":"publish","type":"post","link":"https:\/\/politicapatagonica.com\/index.php\/2024\/11\/07\/arenga-al-pj-para-recuperar-el-gobierno-en-2027\/","title":{"rendered":"Arenga al PJ rionegrino para &#8220;recuperar&#8221; el gobierno nacional en 2027"},"content":{"rendered":"\n<p><strong>Cerrado el proceso interno nacional, que ungi\u00f3 a Cristina Kirchner en la presidencia de peronismo. el senador Mart\u00edn Do\u00f1ate convoc\u00f3 a dise\u00f1ar un esquema para &#8220;recuperar&#8221; el gobierno de R\u00edo Negro en 2027. <\/strong>Hizo una autocr\u00edtica por el &#8220;fallido&#8221; Gran Acuerdo, indic\u00f3 que la unidad debe tener un sentido pol\u00edtico, consider\u00f3 que el ciclo del &#8220;provincialismo&#8221; est\u00e1 agotado, ubic\u00f3 a Javier Milei y a JSRN como los adversarios a vencer, y propuso una serie de pol\u00edticas p\u00fablicas a implementar para &#8220;construir el futuro&#8221; rionegrino.<\/p>\n\n\n\n<p><strong>En c\u00f3digo militante, Do\u00f1ate le habl\u00f3 al peronismo pero tambi\u00e9n ampli\u00f3 el llamado a todas las fuerzas del movimiento nacional y popular. Critic\u00f3 al gobierno provincial por las deficiencias en salud, educaci\u00f3n y seguridad<\/strong>. Reiter\u00f3 sus cr\u00edticas por \u00abarrodillarse frente a Milei&#8221; y no defender los intereses de los rionegrinos.<\/p>\n\n\n\n<p><strong>En un extenso documento, que tiene un apartado con 10 propuestas, el Senador puso proa al objetivo final. Si bien siempre remarca que no hay 2027 sin 2025<\/strong>, esta vez apunta a comenzar un camino que lleve al peronismo a la Casa de Gobierno.<\/p>\n\n\n\n<p><strong>El comunicado<\/strong><\/p>\n\n\n\n<p><strong>\u201cEl experimento provincialista fracas\u00f3. Ciclo agotado\u201d<\/strong>. Desde esta premisa, Mart\u00edn Do\u00f1ate convoc\u00f3 a dise\u00f1ar un plan para que el peronismo recupere el gobierno de R\u00edo Negro en 2027, comparti\u00f3 algunas propuestas de gesti\u00f3n surgidas tras diferentes charlas en Unidades B\u00e1sicas, organizaciones intermedias, sindicatos, empresas, pymes, chacras y en m\u00faltiples \u00e1mbitos ciudadanos de toda la provincia.<\/p>\n\n\n\n<p><strong>En un documento de cuatro p\u00e1ginas dirigido en primera instancia al Partido Justicialista, pero con una clara amplitud a los sectores que componen el movimiento nacional y popular, el Senador propuso el desaf\u00edo de salir de la comodidad de la cr\u00edtica para pensar en volver a ser protagonistas del futuro de R\u00edo Negro.<\/strong><\/p>\n\n\n\n<p><strong>\u201cAdjunto a esta carta nuestra propuesta de plan de acci\u00f3n para que el Peronismo recupere el gobierno de la provincia en el a\u00f1o 2027. Aunque puede parecer prematuro, o fuera de las urgencias de una realidad dur\u00edsima que atravesamos d\u00eda a d\u00eda, considero esencial abordar esta planificaci\u00f3n con tiempo y visi\u00f3n\u201d<\/strong>, indic\u00f3.<\/p>\n\n\n\n<p>Do\u00f1ate se refiri\u00f3 al pasado reciente y record\u00f3 que \u201chace casi dos a\u00f1os, junto con un grupo importante de compa\u00f1eras y compa\u00f1eros, cre\u00edmos en la posibilidad de construir un espacio popular en la provincia, vinculado a una estrategia nacional y a una agenda regional que incluyera al pueblo de R\u00edo Negro y de toda la Patagonia en un proyecto de desarrollo arm\u00f3nico y beneficioso para todos. Est\u00e1 a la vista de todos, los esfuerzos que he hecho desde mi lugar para cristalizar esta visi\u00f3n, m\u00e1s all\u00e1 de los aprovechamientos pol\u00edticos mezquinos que algunos intentaron. <strong>El hist\u00f3rico car\u00e1cter frentista del Peronismo y una lectura realista del escenario electoral nos llevaron a acompa\u00f1ar un proyecto que, sin embargo, se frustr\u00f3 antes de arrancar<\/strong>\u201d.<\/p>\n\n\n\n<p>\u201cDicho esto, hoy, m\u00e1s que nunca, siento, como parte de una generaci\u00f3n, la obligaci\u00f3n y responsabilidad de que dise\u00f1emos un plan s\u00f3lido para gobernar esta provincia a partir de 2027. No podemos permitirnos una frustraci\u00f3n m\u00e1s\u201d, exhort\u00f3.<\/p>\n\n\n\n<p>Y avanz\u00f3: \u201cHe aprendido que, cuando no se discute todo con tiempo, al final solo se debaten nombres, y se subordinan los proyectos y las discusiones de fondo a las pasiones y conveniencias del momento\u201d.<strong> \u201cEmpezar a pensar en 2027 nos permitir\u00e1 construir un camino de confianza y fraternidad que el peronismo rionegrino se debe desde hace a\u00f1os<\/strong>. Si logramos trascender nuestros egos y la mirada corta, estoy seguro de que podremos visualizar un futuro grande y un destino com\u00fan para R\u00edo Negro\u201d, agreg\u00f3.<\/p>\n\n\n\n<p><strong>Camino al 2027<\/strong><\/p>\n\n\n\n<p>El Senador rionegrino puntualiz\u00f3 en que <strong>\u201ces necesario que empecemos a visibilizar a compa\u00f1eros y compa\u00f1eras que se preparen para la responsabilidad de un eventual gobierno y que hoy mismo lleven un seguimiento cr\u00edtico de la gesti\u00f3n provincial\u201d<\/strong> y subray\u00f3 \u201ceste tiempo oscuro y hostil, gobernado por quienes desprecian a quienes no se subordinan, va a terminar. Y una mejor historia vamos a volver a escribir\u201d.<\/p>\n\n\n\n<p>\u201cLas pol\u00edticas del Gobierno Nacional encabezado por Javier Milei est\u00e1n causando estragos en la econom\u00eda, la cultura y la cohesi\u00f3n social de nuestra provincia. Han debilitado el tejido productivo, agravado un centralismo que amenaza con destruir la identidad de la Patagonia y anular el federalismo\u201d reflexiono.<\/p>\n\n\n\n<p><strong>\u201cEl gobierno provincial, lamentablemente, ha decidido alinearse con estos intereses, alej\u00e1ndose de los valores hist\u00f3ricos de nuestra provincia y de las aspiraciones de la R\u00edo Negro de hoy y del futuro<\/strong>. Al llegar casi a una d\u00e9cada y media al frente del gobierno, se evidencia un fin de ciclo para el \u201cexperimento provincialista\u201d ya vac\u00edo de fuerza, argumentos y contenido, marcado por la frustraci\u00f3n de lo que pudo haber sido y no fue\u201d sentenci\u00f3.<\/p>\n\n\n\n<p>Y record\u00f3 que <strong>\u201cel gobierno nacional no cumpli\u00f3 con nada, ni con el fondo de incentivo docente, ni la tarifa diferencial de energ\u00eda para la Patagonia, ni los aportes y subsidios para el transporte p\u00fablico, ni la reactivaci\u00f3n de obras p\u00fablicas estrat\u00e9gicas, ni los adelantos del tesoro nacional que le corresponden a nuestra provincia\u201d.<\/strong><\/p>\n\n\n\n<p>\u201cNada ha defendido ni ha logrado el gobierno provincial vot\u00e1ndole las m\u00e1s nefastas leyes en contra de nuestra propia provincia, de nuestros jubilados, de nuestras universidades, de nuestras empresas estrat\u00e9gicas y de todos los derechos y recursos que nos corresponden por constituci\u00f3n y por ley. Ciclo agotado\u201d.<\/p>\n\n\n\n<p>\u201cHay que recuperar la autoestima y la fortaleza, recuperar nuestra identidad y dejar de actuar como lo hace este gobierno: arrodillando a la provincia ante Milei, postulando a R\u00edo Negro casi como el patio trasero de Neuqu\u00e9n en su pol\u00edtica energ\u00e9tica y siendo arrastrado por la agenda del gobierno de Chubut, que hasta se arroga la postulaci\u00f3n de nuestra Viedma como capital del pa\u00eds ante la mirada pasiva e inerme del actual gobierno\u201d.<\/p>\n\n\n\n<p>Y aclar\u00f3: \u201cEste documento busca ser la base inicial de un proceso participativo, con vocaci\u00f3n de unidad detr\u00e1s de una propuesta, un conjunto de ideas y un proyecto de provincia que integre diversas miradas, opiniones y perspectivas. No poseemos verdades absolutas, sino aportes que, sumados, permitir\u00e1n construir la nueva agenda que nuestra R\u00edo Negro necesita para un futuro de grandeza\u201d.<\/p>\n\n\n\n<p><strong>\u201cR\u00edo Negro cuenta con una enorme riqueza en bienes comunes naturales, una diversidad cultural enriquecedora y el talento y el trabajo de su gente. &#8220;Es tarea de nuestro movimiento articular estas oportunidades en un proyecto de futuro que vuelva a conectar con la sociedad\u201d, concluy\u00f3.<\/strong><\/p>\n\n\n\n<p><strong>Diez ejes estrat\u00e9gicos para la nueva R\u00edo Negro<\/strong><\/p>\n\n\n\n<ol>\n<li>Salud P\u00fablica y Educaci\u00f3n<br>Fortalecer el sistema de salud p\u00fablica y asegurar que el sector privado sea complementario. En educaci\u00f3n, promover la formaci\u00f3n t\u00e9cnica, la innovaci\u00f3n y la educaci\u00f3n digital.<\/li>\n\n\n\n<li>Desarrollo Productivo y Alimentario<br>Garantizar la soberan\u00eda alimentaria y crear la Empresa Rionegrina de Alimentos, con gesti\u00f3n p\u00fablico-privada, enfocada en la industrializaci\u00f3n de alimentos.<\/li>\n\n\n\n<li>Acceso a la Tierra y Vivienda<br>Implementar pol\u00edticas de regularizaci\u00f3n dominial y acceso a terrenos sociales, fomentando el arraigo y la econom\u00eda rural.<\/li>\n\n\n\n<li>Cultura y Deporte<br>Promover la participaci\u00f3n cultural y deportiva y un programa de infraestructura en toda la provincia.<\/li>\n\n\n\n<li>Gesti\u00f3n de nuestros Bienes Comunes Naturales<br>Aprovechar de manera responsable y sostenible los bienes comunes naturales, rechazando una l\u00f3gica extractivista. El desarrollo energ\u00e9tico, hidrocarbon\u00edfero y minero con sustentabilidad y sostenibilidad, y la defensa del trabajo y las pymes rionegrinas y la soberan\u00eda energ\u00e9tica.<\/li>\n\n\n\n<li>Desarrollo Territorial y Municipal<br>Redise\u00f1ar la ley de coparticipaci\u00f3n provincial para garantizar un desarrollo equilibrado.<\/li>\n\n\n\n<li>Revisi\u00f3n de la Deuda P\u00fablica<br>Auditar y renegociar la deuda p\u00fablica para garantizar estabilidad financiera.<\/li>\n\n\n\n<li>Reforma Institucional<br>Revisar la Carta Magna provincial para establecer un nuevo pacto social.<\/li>\n\n\n\n<li>Liderazgo Patag\u00f3nico y Federalismo<br>Posicionar a R\u00edo Negro como l\u00edder en la Patagonia, articulando estrategias conjuntas.<\/li>\n\n\n\n<li>Innovaci\u00f3n y Sustentabilidad<br>Incorporar la innovaci\u00f3n y la tecnolog\u00eda como ejes estrat\u00e9gicos del desarrollo sostenible.<\/li>\n<\/ol>\n\n\n\n<p><strong>Fuente: www.adnrionegro.com.ar<\/strong><\/p>\n","protected":false},"excerpt":{"rendered":"<p>Cerrado el proceso interno nacional, que ungi\u00f3 a Cristina Kirchner en la presidencia de peronismo. el senador Mart\u00edn Do\u00f1ate convoc\u00f3 a dise\u00f1ar un esquema para &#8220;recuperar&#8221; el gobierno de R\u00edo Negro en 2027. Hizo una autocr\u00edtica por el &#8220;fallido&#8221; Gran Acuerdo, indic\u00f3 que la unidad debe tener un sentido pol\u00edtico, consider\u00f3 que el ciclo del [&hellip;]<\/p>\n","protected":false},"author":5,"featured_media":5126,"comment_status":"open","ping_status":"open","sticky":false,"template":"","format":"standard","meta":[],"categories":[13],"tags":[],"_links":{"self":[{"href":"https:\/\/politicapatagonica.com\/index.php\/wp-json\/wp\/v2\/posts\/5124"}],"collection":[{"href":"https:\/\/politicapatagonica.com\/index.php\/wp-json\/wp\/v2\/posts"}],"about":[{"href":"https:\/\/politicapatagonica.com\/index.php\/wp-json\/wp\/v2\/types\/post"}],"author":[{"embeddable":true,"href":"https:\/\/politicapatagonica.com\/index.php\/wp-json\/wp\/v2\/users\/5"}],"replies":[{"embeddable":true,"href":"https:\/\/politicapatagonica.com\/index.php\/wp-json\/wp\/v2\/comments?post=5124"}],"version-history":[{"count":6,"href":"https:\/\/politicapatagonica.com\/index.php\/wp-json\/wp\/v2\/posts\/5124\/revisions"}],"predecessor-version":[{"id":5140,"href":"https:\/\/politicapatagonica.com\/index.php\/wp-json\/wp\/v2\/posts\/5124\/revisions\/5140"}],"wp:featuredmedia":[{"embeddable":true,"href":"https:\/\/politicapatagonica.com\/index.php\/wp-json\/wp\/v2\/media\/5126"}],"wp:attachment":[{"href":"https:\/\/politicapatagonica.com\/index.php\/wp-json\/wp\/v2\/media?parent=5124"}],"wp:term":[{"taxonomy":"category","embeddable":true,"href":"https:\/\/politicapatagonica.com\/index.php\/wp-json\/wp\/v2\/categories?post=5124"},{"taxonomy":"post_tag","embeddable":true,"href":"https:\/\/politicapatagonica.com\/index.php\/wp-json\/wp\/v2\/tags?post=5124"}],"curies":[{"name":"wp","href":"https:\/\/api.w.org\/{rel}","templated":true}]}}