{"id":5118,"date":"2024-11-07T21:13:59","date_gmt":"2024-11-07T21:13:59","guid":{"rendered":"https:\/\/politicapatagonica.com\/?p=5118"},"modified":"2024-11-08T00:01:05","modified_gmt":"2024-11-08T00:01:05","slug":"santa-rosa-da-un-paso-hacia-la-economia-circular-con-el-reciclaje-de-neumaticos","status":"publish","type":"post","link":"https:\/\/politicapatagonica.com\/index.php\/2024\/11\/07\/santa-rosa-da-un-paso-hacia-la-economia-circular-con-el-reciclaje-de-neumaticos\/","title":{"rendered":"Santa Rosa da un paso hacia la econom\u00eda circular con el reciclaje de neum\u00e1ticos"},"content":{"rendered":"\n<p><strong>La Municipalidad de Santa Rosa, en l\u00ednea con su compromiso ambiental, realiz\u00f3 el primer env\u00edo de 20.000 kilos de Neum\u00e1ticos Fuera de Uso (NFU) a la empresa Cementos Avellaneda para su procesamiento y reutilizaci\u00f3n<\/strong>. Esta acci\u00f3n conjunta con el sector privado busca minimizar el impacto ambiental de estos residuos no biodegradables.<\/p>\n\n\n\n<p>Con esta iniciativa, <strong>se evita la acumulaci\u00f3n de neum\u00e1ticos que pueden generar problemas de salud y riesgos de incendios. <\/strong>Adem\u00e1s, se promueve la econom\u00eda circular, reduciendo la explotaci\u00f3n de recursos naturales y fomentando la reutilizaci\u00f3n y recuperaci\u00f3n de materiales.<\/p>\n\n\n\n<p>&#8220;Trabajamos para construir una capital sostenible y responsable con el medio ambiente&#8221;, afirm\u00f3 Federico Ignaszewski, subgerente de Ambiente y Reciclado del municipio.&nbsp;<\/p>\n\n\n\n<p><strong>Este proyecto se enmarca en la pol\u00edtica ambiental de la ciudad, que busca minimizar la generaci\u00f3n de residuos, promover la reutilizaci\u00f3n y recuperaci\u00f3n de materiales.<\/strong><\/p>\n\n\n\n<p><strong>Fuente: www.eldiariodelapampa.com.ar<\/strong><\/p>\n","protected":false},"excerpt":{"rendered":"<p>La Municipalidad de Santa Rosa, en l\u00ednea con su compromiso ambiental, realiz\u00f3 el primer env\u00edo de 20.000 kilos de Neum\u00e1ticos Fuera de Uso (NFU) a la empresa Cementos Avellaneda para su procesamiento y reutilizaci\u00f3n. Esta acci\u00f3n conjunta con el sector privado busca minimizar el impacto ambiental de estos residuos no biodegradables. Con esta iniciativa, se [&hellip;]<\/p>\n","protected":false},"author":5,"featured_media":5119,"comment_status":"open","ping_status":"open","sticky":false,"template":"","format":"standard","meta":[],"categories":[10],"tags":[],"_links":{"self":[{"href":"https:\/\/politicapatagonica.com\/index.php\/wp-json\/wp\/v2\/posts\/5118"}],"collection":[{"href":"https:\/\/politicapatagonica.com\/index.php\/wp-json\/wp\/v2\/posts"}],"about":[{"href":"https:\/\/politicapatagonica.com\/index.php\/wp-json\/wp\/v2\/types\/post"}],"author":[{"embeddable":true,"href":"https:\/\/politicapatagonica.com\/index.php\/wp-json\/wp\/v2\/users\/5"}],"replies":[{"embeddable":true,"href":"https:\/\/politicapatagonica.com\/index.php\/wp-json\/wp\/v2\/comments?post=5118"}],"version-history":[{"count":1,"href":"https:\/\/politicapatagonica.com\/index.php\/wp-json\/wp\/v2\/posts\/5118\/revisions"}],"predecessor-version":[{"id":5120,"href":"https:\/\/politicapatagonica.com\/index.php\/wp-json\/wp\/v2\/posts\/5118\/revisions\/5120"}],"wp:featuredmedia":[{"embeddable":true,"href":"https:\/\/politicapatagonica.com\/index.php\/wp-json\/wp\/v2\/media\/5119"}],"wp:attachment":[{"href":"https:\/\/politicapatagonica.com\/index.php\/wp-json\/wp\/v2\/media?parent=5118"}],"wp:term":[{"taxonomy":"category","embeddable":true,"href":"https:\/\/politicapatagonica.com\/index.php\/wp-json\/wp\/v2\/categories?post=5118"},{"taxonomy":"post_tag","embeddable":true,"href":"https:\/\/politicapatagonica.com\/index.php\/wp-json\/wp\/v2\/tags?post=5118"}],"curies":[{"name":"wp","href":"https:\/\/api.w.org\/{rel}","templated":true}]}}