{"id":5114,"date":"2024-11-06T22:44:19","date_gmt":"2024-11-06T22:44:19","guid":{"rendered":"https:\/\/politicapatagonica.com\/?p=5114"},"modified":"2024-11-07T23:58:59","modified_gmt":"2024-11-07T23:58:59","slug":"la-municipalidad-presenta-el-ciclo-hacemos-soberania-sobre-cuestion-malvinas","status":"publish","type":"post","link":"https:\/\/politicapatagonica.com\/index.php\/2024\/11\/06\/la-municipalidad-presenta-el-ciclo-hacemos-soberania-sobre-cuestion-malvinas\/","title":{"rendered":"La Municipalidad de Ushuaia presenta el ciclo cultural &#8220;Hacemos Soberan\u00eda&#8221; sobre Malvinas"},"content":{"rendered":"\n<p><br>La Municipalidad de Ushuaia dar\u00e1 inicio al ciclo cultural, acad\u00e9mico y de capacitaci\u00f3n &#8220;Hacemos Soberan\u00eda&#8221;, que se extender\u00e1 hasta el 20 de noviembre, con el principal objetivo de <strong>generar un espacio abierto de debate, intercambio y reflexi\u00f3n sobre la cuesti\u00f3n Malvinas.<\/strong><\/p>\n\n\n\n<p>Las jornadas tienen como objetivo principal dar cumplimiento a la Ley Nacional N\u00b0 27671,\u00a0 Ley Provincial N\u00b0 1522, y\u00a0 a la Ordenanza Municipal N\u00b0 6326 que establece <strong>la capacitaci\u00f3n obligatoria, peri\u00f3dica y permanente en la cuesti\u00f3n de las Islas Malvinas<\/strong>; con el acompa\u00f1amiento de la Universidad Tecnol\u00f3gica Nacional, la Universidad Nacional de Tierra del Fuego AeIAS, el CENT N\u00b011, el IPES, el Centro de excombatientes de Malvinas de Ushuaia, Hijos y herederos de la Causa Malvinas y el Poder Legislativo.<\/p>\n\n\n\n<p>Las actividades comenzar\u00e1n este jueves en el<strong> Museo Hist\u00f3rico Espacio Pensar Malvinas <\/strong>finalizando el mi\u00e9rcoles 20. El d\u00eda 19 de noviembre se realizar\u00e1 el lanzamiento del Plan de Capacitaci\u00f3n Municipal, cuya apertura estar\u00e1 a cargo del intendente Walter Vuoto, destacadas personalidades y expertos en la Cuesti\u00f3n Malvinas.<\/p>\n\n\n\n<p><strong>Sensibilizaci\u00f3n y formaci\u00f3n de trabajadores municipales<\/strong><\/p>\n\n\n\n<p>Todas las actividades programadas y el 1\u00b0 Seminario Municipal \u2018Pensar Malvinas. Construir soberan\u00eda\u2019, <strong>apuntan a mantener viva la memoria sobre la historia de las Islas, la soberan\u00eda argentina sobre ellas y la gesta heroica de nuestros h\u00e9roes Veteranos de Guerra y el aut\u00e9ntico y permanente el reclamo sobre nuestro territorio malvinense irredento.<\/strong><\/p>\n\n\n\n<p>De esta manera la Municipalidad de Ushuaia, capital de las Islas Malvinas, sostiene el reclamo irrevocable y pac\u00edfico de nuestra leg\u00edtima soberan\u00eda, y en defensa de los intereses nacionales, provinciales y municipales; y como una pol\u00edtica de Estado asume el&nbsp; compromiso de sensibilizar, formar y capacitar a los trabajadores municipales en todo lo relacionado a la Cuesti\u00f3n Malvinas.<\/p>\n\n\n\n<p><strong>Habr\u00e1 muestras fotogr\u00e1ficas y recorridas por los murales alusivos en la ciudad; la inauguraci\u00f3n de la muestra \u2018Zamba conoce Malvinas\u2019; el \u2018Ciclo de Cine por Malvinas\u2019, \u2018Teatro por Malvinas\u2019 y la \u2018Muestra Explorando Malvinas\u2019 destinada a estudiantes de nivel secundario en la cancha 4 del Polideportivo Augusto Lasserre; y el 19 de noviembre la apertura del citado seminario acad\u00e9mico.<\/strong><\/p>\n\n\n\n<p>En el ciclo de capacitaci\u00f3n s<strong>e abordar\u00e1n los aspectos hist\u00f3ricos y jur\u00eddicos de la Cuesti\u00f3n de las Islas Malvinas,<\/strong> desde el siglo XV hasta los primeros gobiernos patrios de las Provincias Unidas del R\u00edo de la Plata; los reclamos de la Argentina desde 1833 hasta la incorporaci\u00f3n de la Cuesti\u00f3n Malvinas en la creaci\u00f3n de las Naciones Unidas de 1945 y el per\u00edodo 1960 \u2013 1965 con la Resoluci\u00f3n 1514 de la Asamblea General de las Naciones Unidas, \u2018Alegato Ruda\u2019 y Resoluci\u00f3n 2065, con las ponencias de la Lic. Clara Vernet,&nbsp; el Sr. Jos\u00e9 Luis Vernet y el Lic. Lucio Verdoia.<\/p>\n\n\n\n<p><strong>Tambi\u00e9n se tratar\u00e1 la \u2018Pol\u00edtica exterior, geopol\u00edtica y recursos naturales\u2019 <\/strong>con los aportes del Dr. Vet. C\u00e9sar Larena (en forma virtual), Ing. Mgtr. Mayra Padin, Abg.Prof. Pablo Wehbe,&nbsp; Lic. Julian Kelly; \u2018Malvinas: configuraciones identitarias\u2019 permitir\u00e1 analizar la cuesti\u00f3n Malvinas en la construcci\u00f3n de la identidad nacional, como expresi\u00f3n social y cultural.<\/p>\n\n\n\n<p><strong>Abarcar\u00e1 adem\u00e1s la historia reciente, abordando la cuesti\u00f3n \u2018Malvinas desde Ushuaia\u2019; \u2018Mujeres y Malvinas\u2019 <\/strong>con las expositoras Lic. Susana Pereyra, Prof. Mgtr. Karin Otero, Ex Cbt. Mlv. Mariana Soneira, Lic.Mgtr. Gabriela Naso y un Conversatorio hacia el cierre de la capacitaci\u00f3n, con la promoci\u00f3n y difusi\u00f3n de la Diplomatura en Malvinas, Ant\u00e1rtida e Islas del Atl\u00e1ntico Sur.<\/p>\n\n\n\n<p><strong>Fuente: www.eldiariodelfindelmundo.com<\/strong><\/p>\n","protected":false},"excerpt":{"rendered":"<p>La Municipalidad de Ushuaia dar\u00e1 inicio al ciclo cultural, acad\u00e9mico y de capacitaci\u00f3n &#8220;Hacemos Soberan\u00eda&#8221;, que se extender\u00e1 hasta el 20 de noviembre, con el principal objetivo de generar un espacio abierto de debate, intercambio y reflexi\u00f3n sobre la cuesti\u00f3n Malvinas. Las jornadas tienen como objetivo principal dar cumplimiento a la Ley Nacional N\u00b0 27671,\u00a0 [&hellip;]<\/p>\n","protected":false},"author":5,"featured_media":5115,"comment_status":"open","ping_status":"open","sticky":false,"template":"","format":"standard","meta":[],"categories":[11],"tags":[],"_links":{"self":[{"href":"https:\/\/politicapatagonica.com\/index.php\/wp-json\/wp\/v2\/posts\/5114"}],"collection":[{"href":"https:\/\/politicapatagonica.com\/index.php\/wp-json\/wp\/v2\/posts"}],"about":[{"href":"https:\/\/politicapatagonica.com\/index.php\/wp-json\/wp\/v2\/types\/post"}],"author":[{"embeddable":true,"href":"https:\/\/politicapatagonica.com\/index.php\/wp-json\/wp\/v2\/users\/5"}],"replies":[{"embeddable":true,"href":"https:\/\/politicapatagonica.com\/index.php\/wp-json\/wp\/v2\/comments?post=5114"}],"version-history":[{"count":2,"href":"https:\/\/politicapatagonica.com\/index.php\/wp-json\/wp\/v2\/posts\/5114\/revisions"}],"predecessor-version":[{"id":5138,"href":"https:\/\/politicapatagonica.com\/index.php\/wp-json\/wp\/v2\/posts\/5114\/revisions\/5138"}],"wp:featuredmedia":[{"embeddable":true,"href":"https:\/\/politicapatagonica.com\/index.php\/wp-json\/wp\/v2\/media\/5115"}],"wp:attachment":[{"href":"https:\/\/politicapatagonica.com\/index.php\/wp-json\/wp\/v2\/media?parent=5114"}],"wp:term":[{"taxonomy":"category","embeddable":true,"href":"https:\/\/politicapatagonica.com\/index.php\/wp-json\/wp\/v2\/categories?post=5114"},{"taxonomy":"post_tag","embeddable":true,"href":"https:\/\/politicapatagonica.com\/index.php\/wp-json\/wp\/v2\/tags?post=5114"}],"curies":[{"name":"wp","href":"https:\/\/api.w.org\/{rel}","templated":true}]}}