{"id":5111,"date":"2024-11-06T22:38:45","date_gmt":"2024-11-06T22:38:45","guid":{"rendered":"https:\/\/politicapatagonica.com\/?p=5111"},"modified":"2024-11-07T23:55:24","modified_gmt":"2024-11-07T23:55:24","slug":"rolando-figueroa-quiere-que-la-regionalizacion-tenga-fuerza-de-ley","status":"publish","type":"post","link":"https:\/\/politicapatagonica.com\/index.php\/2024\/11\/06\/rolando-figueroa-quiere-que-la-regionalizacion-tenga-fuerza-de-ley\/","title":{"rendered":"Rolando Figueroa quiere que la regionalizaci\u00f3n tenga fuerza de ley en Neuqu\u00e9n"},"content":{"rendered":"\n<p>Con la mirada puesta en hacer \u201cun Neuqu\u00e9n&nbsp;<strong>m\u00e1s justo<\/strong>, revirtiendo los desequilibrios territoriales vigentes\u201d, el gobernador&nbsp;<strong>Rolando Figueroa<\/strong>&nbsp;envi\u00f3 esta semana a la Legislatura un proyecto de ley para crear el \u201c<strong>Plan Provincial de Regionalizaci\u00f3n<\/strong>&nbsp;\u201d.<\/p>\n\n\n\n<p>Seg\u00fan se anunci\u00f3 oficialmente el gobierno, esta iniciativa \u201c<strong>constituye un hito en el proceso que inici\u00f3 a principios del a\u00f1o, con la firma del pacto de gobernanza con la totalidad de los municipios y comisiones de fomento neuquinos y es, en definitiva, la herramienta que se necesita para institucionalizar un modelo de gesti\u00f3n cercano a la ciudadan\u00eda y a los gobiernos locales<\/strong>, que trascienda a las gestiones y se concentre en lo que verdaderamente importa: dar respuesta a las necesidades y problemas de la gente\u201d.<\/p>\n\n\n\n<p><strong>Figueroa<\/strong> hab\u00eda anticipado que presentar\u00eda esta iniciativa para que fuera tratada por el cuerpo legislativo. No obstante, durante todos estos meses la administraci\u00f3n p\u00fablica provincial \u201cavanz\u00f3 en el <strong>proceso de regionalizaci\u00f3n articulando pol\u00edticas p\u00fablicas con los representantes de los gobiernos locales<\/strong>. Con intendentes y presidentes de comisiones de fomento defini\u00f3, por ejemplo, las obras prioritarias para incluirlas en el presupuesto 2025\u201d, se indic\u00f3 desde el gobierno.<\/p>\n\n\n\n<h2>Qu\u00e9 dice el proyecto<\/h2>\n\n\n\n<p>Seg\u00fan consta en la iniciativa del Ejecutivo provincial, <strong>se institucionalizar\u00e1n siete regiones -sin afectar la actual divisi\u00f3n departamental-: Lagos del Sur, Alto Neuqu\u00e9n, del Pehu\u00e9n, Vaca Muerta, del Limay, de la Comarca y Confluencia.<\/strong><\/p>\n\n\n\n<p>El Ministerio de Jefatura de Gabinete ser\u00e1 la autoridad de aplicaci\u00f3n de la futura ley y, como tal, recibir\u00e1 y evaluar\u00e1 los informes para optimizar la integraci\u00f3n regional de los planes y acciones de cada dependencia y sugerir\u00e1 las recomendaciones que considere necesarias para cumplir con los objetivos propuestos.<\/p>\n\n\n\n<p>\u201cRegionalizar es, b\u00e1sicamente, <strong>organizar el territorio de una manera determinada y adecuada para la planificaci\u00f3n estrat\u00e9gica y la concertaci\u00f3n entre los distintos actores territoriales.<\/strong> Implica un nuevo modelo de gesti\u00f3n que busca potenciar las particularidades y poner en valor las identidades de cada regi\u00f3n\u201d, argument\u00f3 en su presentaci\u00f3n el gobernador.<\/p>\n\n\n\n<p>A modo de ejemplo <strong>mencion\u00f3 las asimetr\u00edas vigentes,<\/strong> asociadas al dispar crecimiento demogr\u00e1fico que han tenido algunas regiones de la provincia y que han contribuido a la consolidaci\u00f3n de \u00e1reas m\u00e1s pujantes y din\u00e1micas, mientras que hay otras con menor dinamismo econ\u00f3mico y productivo que soportan condiciones de vida desventajosas frente a las grandes urbes.<\/p>\n\n\n\n<p>Figueroa consider\u00f3 que <strong>la provincia evidencia un \u201cgran desequilibrio\u201d en el grado de desarrollo econ\u00f3mico entre sus regiones. Por caso, el 55,4% del Producto Bruto Geogr\u00e1fico surge de la actividad hidrocarbur\u00edfera en las regiones Confluencia, Comarca y Vaca Muerta, que concentran la mayor cantidad de empresas y de trabajadores (87.4% del empleo registrado en el sector privado provincial).<\/strong><\/p>\n\n\n\n<h2>Modelo al pa\u00eds<\/h2>\n\n\n\n<p>Recientemente, representantes del Ministerio de Turismo provincial presentaron el proyecto de gobernanza de \u201cFortalecimiento de la Regionalizaci\u00f3n en Gesti\u00f3n Tur\u00edstica\u201d, en las Segundas Jornadas de Integraci\u00f3n Federal (JIF) que se llevaron a cabo en el Observatorio UNESCO de Villa Ocampo, en la provincia de Buenos Aires.<\/p>\n\n\n\n<p><strong>Las JIF constituyeron el cierre del Programa de Formaci\u00f3n en Gesti\u00f3n Tur\u00edstica, organizado por el Consejo Federal de Inversiones (CFI).<\/strong><\/p>\n\n\n\n<p>La propuesta neuquina apunta al desarrollo sustentable del turismo, fue dise\u00f1ada y expuesta por la directora General de Planificaci\u00f3n Integral de Turismo, Mariana Reyes y el director General de Relaciones Institucionales, Sebasti\u00e1n Rivanera.<\/p>\n\n\n\n<p>Cabe mencionar que el <strong>Programa de Formaci\u00f3n en Gesti\u00f3n Tur\u00edstica del CFI, tiene como finalidad dotar a los agentes de las administraciones provinciales de la experiencia necesaria para pensar, dise\u00f1ar e implementar pol\u00edticas de desarrollo en el \u00e1mbito tur\u00edstico, <\/strong>generar v\u00ednculos, redes de trabajo colaborativo y fomentar la sostenibilidad en el sector tur\u00edstico.<\/p>\n\n\n\n<p><strong>Fuente: www.lmneuquen.com<\/strong><\/p>\n","protected":false},"excerpt":{"rendered":"<p>Con la mirada puesta en hacer \u201cun Neuqu\u00e9n&nbsp;m\u00e1s justo, revirtiendo los desequilibrios territoriales vigentes\u201d, el gobernador&nbsp;Rolando Figueroa&nbsp;envi\u00f3 esta semana a la Legislatura un proyecto de ley para crear el \u201cPlan Provincial de Regionalizaci\u00f3n&nbsp;\u201d. Seg\u00fan se anunci\u00f3 oficialmente el gobierno, esta iniciativa \u201cconstituye un hito en el proceso que inici\u00f3 a principios del a\u00f1o, con la [&hellip;]<\/p>\n","protected":false},"author":5,"featured_media":5112,"comment_status":"open","ping_status":"open","sticky":false,"template":"","format":"standard","meta":[],"categories":[9],"tags":[],"_links":{"self":[{"href":"https:\/\/politicapatagonica.com\/index.php\/wp-json\/wp\/v2\/posts\/5111"}],"collection":[{"href":"https:\/\/politicapatagonica.com\/index.php\/wp-json\/wp\/v2\/posts"}],"about":[{"href":"https:\/\/politicapatagonica.com\/index.php\/wp-json\/wp\/v2\/types\/post"}],"author":[{"embeddable":true,"href":"https:\/\/politicapatagonica.com\/index.php\/wp-json\/wp\/v2\/users\/5"}],"replies":[{"embeddable":true,"href":"https:\/\/politicapatagonica.com\/index.php\/wp-json\/wp\/v2\/comments?post=5111"}],"version-history":[{"count":2,"href":"https:\/\/politicapatagonica.com\/index.php\/wp-json\/wp\/v2\/posts\/5111\/revisions"}],"predecessor-version":[{"id":5136,"href":"https:\/\/politicapatagonica.com\/index.php\/wp-json\/wp\/v2\/posts\/5111\/revisions\/5136"}],"wp:featuredmedia":[{"embeddable":true,"href":"https:\/\/politicapatagonica.com\/index.php\/wp-json\/wp\/v2\/media\/5112"}],"wp:attachment":[{"href":"https:\/\/politicapatagonica.com\/index.php\/wp-json\/wp\/v2\/media?parent=5111"}],"wp:term":[{"taxonomy":"category","embeddable":true,"href":"https:\/\/politicapatagonica.com\/index.php\/wp-json\/wp\/v2\/categories?post=5111"},{"taxonomy":"post_tag","embeddable":true,"href":"https:\/\/politicapatagonica.com\/index.php\/wp-json\/wp\/v2\/tags?post=5111"}],"curies":[{"name":"wp","href":"https:\/\/api.w.org\/{rel}","templated":true}]}}