{"id":5102,"date":"2024-11-05T22:20:15","date_gmt":"2024-11-05T22:20:15","guid":{"rendered":"https:\/\/politicapatagonica.com\/?p=5102"},"modified":"2024-11-07T23:52:42","modified_gmt":"2024-11-07T23:52:42","slug":"concejales-coincidieron-en-solicitar-un-plan-al-interventor-antes-de-tratar-aumentos-tarifarios","status":"publish","type":"post","link":"https:\/\/politicapatagonica.com\/index.php\/2024\/11\/05\/concejales-coincidieron-en-solicitar-un-plan-al-interventor-antes-de-tratar-aumentos-tarifarios\/","title":{"rendered":"Concejales de Trelew coincidieron en pedir un plan al interventor antes de tratar aumentos tarifarios"},"content":{"rendered":"\n<p><strong>Los concejales Bel\u00e9n Baskovc&nbsp;y Juan Aguilar se refirieron al eventual tratamiento que deber\u00e1n hacer los pedidos de aumento por MEC que la Cooperativa realizar\u00eda en las pr\u00f3ximas semanas.<\/strong><\/p>\n\n\n\n<p>Los ediles insistieron en conocer el plan del interventor para normalizar la entidad y en este sentido, los motivos para solicitar los aumentos retrasados.<\/p>\n\n\n\n<p>En primer t\u00e9rmino, <strong>el concejal Aguilar <\/strong>sostuvo que &#8220;sorprende&#8221; que se env\u00eden los pedidos de actualizaci\u00f3n, ya que &#8220;los argumentos para no mandar los aumentos no han cambiado&#8221;, en referencia al poder Ejecutivo, que es el encargado de enviar los expedientes al Concejo. &#8220;Desde que asumi\u00f3 el interventor no ha habido datos nuevos, \u00bfQu\u00e9 cambio si nada de lo fundamentado ha cambiado?&#8221;, se\u00f1al\u00f3.<\/p>\n\n\n\n<p>Por su parte, <strong>la concejal de Trelew, Bel\u00e9n Baskovc,<\/strong> sostuvo que los pedidos deber\u00e1n ser tratados y &#8220;tenemos que garantizar la prestaci\u00f3n del servicio y cuidar el bolsillo de la gente&#8221;, aunque enfatiz\u00f3 que el porcentaje acumulado &#8220;es inviable aplicar,&nbsp;en 1 o 2 tramos&#8221;.<\/p>\n\n\n\n<p><strong>&#8220;Hay que buscar un punto de equilibrio entre garantizar la prestaci\u00f3n de los servicios y no afectar el bolsillo de los vecinos&#8221;, subray\u00f3 la edil.<\/strong><\/p>\n\n\n\n<p>Aguilar consider\u00f3 en tal sentido que <strong>&#8220;ser\u00eda una cat\u00e1strofe social pensar en un 200% de aumento, es imposible pensar en un incremento de esa magnitud&#8221;.<\/strong><\/p>\n\n\n\n<p>Fue en este sentido, que el concejal Aguilar insisti\u00f3 en que &#8220;no ha cambiado nada para que se mande esto ahora,&nbsp;no hay una raz\u00f3n,&nbsp;no se sabe el plan, qu\u00e9 informaci\u00f3n se ha generado y&nbsp;en qu\u00e9 se piensa para adelante. Un&nbsp;200% \u00bfpara qu\u00e9? No hay un plan diferente a lo que hab\u00eda antes&#8221;, detall\u00f3.<\/p>\n\n\n\n<p>Fue por este motivo que los ediles remarcaron que aguardan una reuni\u00f3n con el Interventor, &#8220;deber\u00eda brindar su primer informe&nbsp;o un boceto -porque-&nbsp;<strong>es m\u00e1s factible pensar en un plan de estabilizaci\u00f3n que un plan de ajuste.&nbsp;<\/strong>Es la pauta que debe dar el interventor,&nbsp;c\u00f3mo se estabiliza la situaci\u00f3n,&nbsp;que es de un d\u00e9ficit cr\u00f3nico&#8221;, sentenci\u00f3 Aguilar.<\/p>\n\n\n\n<p>Finamente,<strong> los concejales sostuvieron que aguardan conocer los detalles que pueda brindar el interventor para avanzar con el tratamiento de los MEC y en tal caso, quitar el &#8220;urgente tratamiento&#8221; que aprobar\u00eda los incrementos de forma autom\u00e1tica.<\/strong><\/p>\n\n\n\n<p><strong>Fuente: www.elchubut.com.ar<\/strong><\/p>\n","protected":false},"excerpt":{"rendered":"<p>Los concejales Bel\u00e9n Baskovc&nbsp;y Juan Aguilar se refirieron al eventual tratamiento que deber\u00e1n hacer los pedidos de aumento por MEC que la Cooperativa realizar\u00eda en las pr\u00f3ximas semanas. Los ediles insistieron en conocer el plan del interventor para normalizar la entidad y en este sentido, los motivos para solicitar los aumentos retrasados. En primer t\u00e9rmino, [&hellip;]<\/p>\n","protected":false},"author":5,"featured_media":5103,"comment_status":"open","ping_status":"open","sticky":false,"template":"","format":"standard","meta":[],"categories":[14],"tags":[],"_links":{"self":[{"href":"https:\/\/politicapatagonica.com\/index.php\/wp-json\/wp\/v2\/posts\/5102"}],"collection":[{"href":"https:\/\/politicapatagonica.com\/index.php\/wp-json\/wp\/v2\/posts"}],"about":[{"href":"https:\/\/politicapatagonica.com\/index.php\/wp-json\/wp\/v2\/types\/post"}],"author":[{"embeddable":true,"href":"https:\/\/politicapatagonica.com\/index.php\/wp-json\/wp\/v2\/users\/5"}],"replies":[{"embeddable":true,"href":"https:\/\/politicapatagonica.com\/index.php\/wp-json\/wp\/v2\/comments?post=5102"}],"version-history":[{"count":2,"href":"https:\/\/politicapatagonica.com\/index.php\/wp-json\/wp\/v2\/posts\/5102\/revisions"}],"predecessor-version":[{"id":5135,"href":"https:\/\/politicapatagonica.com\/index.php\/wp-json\/wp\/v2\/posts\/5102\/revisions\/5135"}],"wp:featuredmedia":[{"embeddable":true,"href":"https:\/\/politicapatagonica.com\/index.php\/wp-json\/wp\/v2\/media\/5103"}],"wp:attachment":[{"href":"https:\/\/politicapatagonica.com\/index.php\/wp-json\/wp\/v2\/media?parent=5102"}],"wp:term":[{"taxonomy":"category","embeddable":true,"href":"https:\/\/politicapatagonica.com\/index.php\/wp-json\/wp\/v2\/categories?post=5102"},{"taxonomy":"post_tag","embeddable":true,"href":"https:\/\/politicapatagonica.com\/index.php\/wp-json\/wp\/v2\/tags?post=5102"}],"curies":[{"name":"wp","href":"https:\/\/api.w.org\/{rel}","templated":true}]}}