{"id":5098,"date":"2024-11-05T22:11:36","date_gmt":"2024-11-05T22:11:36","guid":{"rendered":"https:\/\/politicapatagonica.com\/?p=5098"},"modified":"2024-11-07T23:49:13","modified_gmt":"2024-11-07T23:49:13","slug":"primero-rio-negro-presento-mas-de-2400-avales-a-la-justicia","status":"publish","type":"post","link":"https:\/\/politicapatagonica.com\/index.php\/2024\/11\/05\/primero-rio-negro-presento-mas-de-2400-avales-a-la-justicia\/","title":{"rendered":"Primero R\u00edo Negro present\u00f3 m\u00e1s de 2400 avales a la Justicia Electoral"},"content":{"rendered":"\n<p><strong>Primero R\u00edo Negro avanz\u00f3 en su reconocimiento como partido de distrito en R\u00edo Negro y present\u00f3 2407 avales a la Justicia Electoral<\/strong>, m\u00e1s del 4% del total de electores de la provincia y fue incorporado al Sistema Integral de Gesti\u00f3n de Agrupaciones Pol\u00edticas.<\/p>\n\n\n\n<p>Ahora, las representaciones pol\u00edticas rionegrinas fueron citadas para el <strong>mi\u00e9rcoles 13<\/strong>, de este mes, a las 10, para la audiencia online de presentaci\u00f3n de objeciones y oposici\u00f3n al reconocimiento de Primero R\u00edo Negro.<\/p>\n\n\n\n<p>De esta manera <strong>el partido de Ariel Rivero<\/strong> se posiciona dentro del espacio que apoya al presidente Javier Milei, ya que est\u00e1 a punto de tener su reconocimiento, mientras que La Libertad Avanza, de <strong>Lorena Villaverde, a\u00fan no logr\u00f3 juntar los avales <\/strong>correspondientes y el <strong>Partido CREO de An\u00edbal Tortoriello, sigue en esta tramitaci\u00f3n ante la Justicia Federal.<\/strong><\/p>\n\n\n\n<p><strong>Fuente:<\/strong> <strong>www.adnrionegro.com.ar<\/strong><\/p>\n","protected":false},"excerpt":{"rendered":"<p>Primero R\u00edo Negro avanz\u00f3 en su reconocimiento como partido de distrito en R\u00edo Negro y present\u00f3 2407 avales a la Justicia Electoral, m\u00e1s del 4% del total de electores de la provincia y fue incorporado al Sistema Integral de Gesti\u00f3n de Agrupaciones Pol\u00edticas. Ahora, las representaciones pol\u00edticas rionegrinas fueron citadas para el mi\u00e9rcoles 13, de [&hellip;]<\/p>\n","protected":false},"author":5,"featured_media":5100,"comment_status":"open","ping_status":"open","sticky":false,"template":"","format":"standard","meta":[],"categories":[13],"tags":[],"_links":{"self":[{"href":"https:\/\/politicapatagonica.com\/index.php\/wp-json\/wp\/v2\/posts\/5098"}],"collection":[{"href":"https:\/\/politicapatagonica.com\/index.php\/wp-json\/wp\/v2\/posts"}],"about":[{"href":"https:\/\/politicapatagonica.com\/index.php\/wp-json\/wp\/v2\/types\/post"}],"author":[{"embeddable":true,"href":"https:\/\/politicapatagonica.com\/index.php\/wp-json\/wp\/v2\/users\/5"}],"replies":[{"embeddable":true,"href":"https:\/\/politicapatagonica.com\/index.php\/wp-json\/wp\/v2\/comments?post=5098"}],"version-history":[{"count":2,"href":"https:\/\/politicapatagonica.com\/index.php\/wp-json\/wp\/v2\/posts\/5098\/revisions"}],"predecessor-version":[{"id":5133,"href":"https:\/\/politicapatagonica.com\/index.php\/wp-json\/wp\/v2\/posts\/5098\/revisions\/5133"}],"wp:featuredmedia":[{"embeddable":true,"href":"https:\/\/politicapatagonica.com\/index.php\/wp-json\/wp\/v2\/media\/5100"}],"wp:attachment":[{"href":"https:\/\/politicapatagonica.com\/index.php\/wp-json\/wp\/v2\/media?parent=5098"}],"wp:term":[{"taxonomy":"category","embeddable":true,"href":"https:\/\/politicapatagonica.com\/index.php\/wp-json\/wp\/v2\/categories?post=5098"},{"taxonomy":"post_tag","embeddable":true,"href":"https:\/\/politicapatagonica.com\/index.php\/wp-json\/wp\/v2\/tags?post=5098"}],"curies":[{"name":"wp","href":"https:\/\/api.w.org\/{rel}","templated":true}]}}