{"id":5078,"date":"2024-11-04T23:05:45","date_gmt":"2024-11-04T23:05:45","guid":{"rendered":"https:\/\/politicapatagonica.com\/?p=5078"},"modified":"2024-11-05T19:05:10","modified_gmt":"2024-11-05T19:05:10","slug":"el-gobierno-fueguino-refuerza-la-videovigilancia-en-la-provincia","status":"publish","type":"post","link":"https:\/\/politicapatagonica.com\/index.php\/2024\/11\/04\/el-gobierno-fueguino-refuerza-la-videovigilancia-en-la-provincia\/","title":{"rendered":"El Gobierno de Tierra del Fuego refuerza la videovigilancia en la provincia"},"content":{"rendered":"\n<p>El viceministro de Coordinaci\u00f3n de Gabinete del Gobierno de la Provincia, Jorge Canals, destac\u00f3 la importancia de la culminaci\u00f3n de la <strong>nueva central de monitoreo en la ciudad de R\u00edo Grande<\/strong> y remarc\u00f3 que \u201cla incorporaci\u00f3n de una mayor cantidad de c\u00e1maras de vigilancia es uno de los objetivos que se traz\u00f3 el Gobierno para trabajar en materia de prevenci\u00f3n y seguridad\u201d.<\/p>\n\n\n\n<p>Sobre la nueva central de monitoreo, el funcionario mencion\u00f3 que <strong>se trata de \u201cuna obra que ven\u00edamos esperando que se finalice hace un tiempo y que se ha terminado con recursos propios de la provincia\u201d,<\/strong> entendiendo que \u201cnos va a permitir mejorar lo que tiene que ver con dos \u00e1reas importantes de la Polic\u00eda; una de ellas es <strong>Robos y Hurtos<\/strong> porque se va a poder trasladar a este nuevo espacio, y la central de monitoreo que hoy funciona en un espacio reducido en la Comisar\u00eda Primera de la ciudad\u201d.<\/p>\n\n\n\n<p>\u201cEsto trae aparejado tambi\u00e9n una <strong>inversi\u00f3n en c\u00e1maras de vigilancia para las ciudades de R\u00edo Grande, Tolhuin y Ushuaia, ya que la intenci\u00f3n es poder ampliar considerablemente este n\u00famero de equipos para incorporar una mayor cantidad de sectores de las tres ciudades al sistema de vigilancia\u201d, <\/strong>agreg\u00f3.<\/p>\n\n\n\n<p>Canals sostuvo que \u201cestamos contentos y esperanzados que en las pr\u00f3ximas semanas podamos ir avanzando en lo que tiene que ver la incorporaci\u00f3n de tecnolog\u00eda y la adecuaci\u00f3n de este espacio que nos va a permitir obviamente seguir trabajando en materia de seguridad\u201d.<\/p>\n\n\n\n<p>Para el viceministro de Jefatura de Gabinete \u201cla incorporaci\u00f3n de <strong>mayor cantidad de c\u00e1maras le va a permitir adem\u00e1s a la Polic\u00eda de la Provincia estar en una mayor cantidad de sectores de las tres ciudades sin necesidad de dispensar personal y m\u00f3viles en forma permanente<\/strong>, por lo que esto ayuda much\u00edsimo adem\u00e1s para las resoluciones de conflictos o de accidentes, as\u00ed como para cualquier requerimiento que hace constantemente la Justicia\u201d.<\/p>\n\n\n\n<p>\u201cSe tiene pensado incorporar desde <strong>100 a 200 nuevas c\u00e1maras de vigilancia al finalizar la gesti\u00f3n de Gobierno\u201d, adelant\u00f3 el funcionario y destac\u00f3 adem\u00e1s el traspaso del sistema 911 desde el \u00e1rea de Protecci\u00f3n Civil a la Polic\u00eda de la Provincia.<\/strong> \u201cEsto va a optimizar lo que tiene que ver con el trabajo de seguridad para las tres ciudades de la Provincia\u201d, concluy\u00f3.<\/p>\n\n\n\n<p><strong>Fuente: www.minutofueguino.com.ar<\/strong><\/p>\n","protected":false},"excerpt":{"rendered":"<p>El viceministro de Coordinaci\u00f3n de Gabinete del Gobierno de la Provincia, Jorge Canals, destac\u00f3 la importancia de la culminaci\u00f3n de la nueva central de monitoreo en la ciudad de R\u00edo Grande y remarc\u00f3 que \u201cla incorporaci\u00f3n de una mayor cantidad de c\u00e1maras de vigilancia es uno de los objetivos que se traz\u00f3 el Gobierno para [&hellip;]<\/p>\n","protected":false},"author":5,"featured_media":5079,"comment_status":"open","ping_status":"open","sticky":false,"template":"","format":"standard","meta":[],"categories":[11],"tags":[],"_links":{"self":[{"href":"https:\/\/politicapatagonica.com\/index.php\/wp-json\/wp\/v2\/posts\/5078"}],"collection":[{"href":"https:\/\/politicapatagonica.com\/index.php\/wp-json\/wp\/v2\/posts"}],"about":[{"href":"https:\/\/politicapatagonica.com\/index.php\/wp-json\/wp\/v2\/types\/post"}],"author":[{"embeddable":true,"href":"https:\/\/politicapatagonica.com\/index.php\/wp-json\/wp\/v2\/users\/5"}],"replies":[{"embeddable":true,"href":"https:\/\/politicapatagonica.com\/index.php\/wp-json\/wp\/v2\/comments?post=5078"}],"version-history":[{"count":2,"href":"https:\/\/politicapatagonica.com\/index.php\/wp-json\/wp\/v2\/posts\/5078\/revisions"}],"predecessor-version":[{"id":5096,"href":"https:\/\/politicapatagonica.com\/index.php\/wp-json\/wp\/v2\/posts\/5078\/revisions\/5096"}],"wp:featuredmedia":[{"embeddable":true,"href":"https:\/\/politicapatagonica.com\/index.php\/wp-json\/wp\/v2\/media\/5079"}],"wp:attachment":[{"href":"https:\/\/politicapatagonica.com\/index.php\/wp-json\/wp\/v2\/media?parent=5078"}],"wp:term":[{"taxonomy":"category","embeddable":true,"href":"https:\/\/politicapatagonica.com\/index.php\/wp-json\/wp\/v2\/categories?post=5078"},{"taxonomy":"post_tag","embeddable":true,"href":"https:\/\/politicapatagonica.com\/index.php\/wp-json\/wp\/v2\/tags?post=5078"}],"curies":[{"name":"wp","href":"https:\/\/api.w.org\/{rel}","templated":true}]}}