{"id":5074,"date":"2024-11-04T22:01:03","date_gmt":"2024-11-04T22:01:03","guid":{"rendered":"https:\/\/politicapatagonica.com\/?p=5074"},"modified":"2024-11-05T19:02:19","modified_gmt":"2024-11-05T19:02:19","slug":"pablo-grasso-hay-que-ver-como-nos-plantamos-para-defender-a-la-gente","status":"publish","type":"post","link":"https:\/\/politicapatagonica.com\/index.php\/2024\/11\/04\/pablo-grasso-hay-que-ver-como-nos-plantamos-para-defender-a-la-gente\/","title":{"rendered":"Pablo Grasso sobre la recesi\u00f3n: \u201cHay que ver c\u00f3mo nos plantamos para defender a la gente\u201d"},"content":{"rendered":"\n<p>\u201cLa gente no puede resolver esto sola\u201d, afirm\u00f3 el intendente de R\u00edo Gallegos,<strong>\u00a0Pablo Grasso<\/strong>, al visitar el estudio de \u201c<strong>La Ma\u00f1ana de LU12<\/strong>\u201c, donde analiz\u00f3 <strong>el impacto de la recesi\u00f3n en la poblaci\u00f3n<\/strong> <strong>y los sectores productivos<\/strong>. Destac\u00f3, adem\u00e1s, la necesidad de que el Estado implemente medidas activas para aliviar la carga econ\u00f3mica sobre los ciudadanos, quienes no pueden enfrentar la situaci\u00f3n por s\u00ed mismos en un contexto tan adverso.<\/p>\n\n\n\n<p>En ese sentido, plante\u00f3 la falta de coherencia entre las promesas de campa\u00f1a y las acciones de los gobiernos provincial y nacional. \u201cUna vez que te votan, haces todo lo contrario\u201d, se\u00f1al\u00f3 el intendente en relaci\u00f3n a las medidas adoptadas por el gobierno de\u00a0<strong>Javier Milei<\/strong>, quien hab\u00eda asegurado que <strong>el ajuste lo pagar\u00eda \u201cla casta\u201d, aunque el impacto de la devaluaci\u00f3n de diciembre de 2023, los despidos en el Estado y las fuertes subas en las tarifas hicieron todo lo contrario.<\/strong><\/p>\n\n\n\n<p>Por eso, insisti\u00f3 con la necesidad de \u201cdefender a la gente\u201d y a tomar una postura firme en favor de la comunidad de&nbsp;<strong>R\u00edo Gallegos<\/strong>, que enfrenta una econom\u00eda paralizada y la falta de oportunidades laborales. \u201cHay que ver c\u00f3mo nos plantamos para defender a la gente. La gente no va a poder resolver esto en su econom\u00eda y resolverlo en el tiempo, porque hay una recesi\u00f3n muy grande y porque la situaci\u00f3n econ\u00f3mica no va a cambiar\u201d, advirti\u00f3 el intendente.<\/p>\n\n\n\n<p>En el mismo sentido, se refiri\u00f3 a la posibilidad de privatizar la empresa estatal\u00a0<strong>Aerol\u00edneas Argentinas<\/strong>\u00a0y asegur\u00f3: \u201cVos no me pod\u00e9s plantear que el mercado se va a hacer cargo de las empresas, el mismo d\u00eda que paran aviones de todas las empresas\u201d, y cuestion\u00f3: \u201c<strong>\u00bfC\u00f3mo vas a crecer el turismo si no ten\u00e9s conectividad<\/strong>, c\u00f3mo va a crecer la econom\u00eda regional si no tienen oportunidades?\u201d.<\/p>\n\n\n\n<p>Adem\u00e1s, dijo que \u201c<strong>el\u00a0Estado<\/strong>\u00a0<strong>tiene que generar herramientas para fomentar puestos de trabajo<\/strong>\u201d, sostuvo que \u201csi estas haciendo tu emprendimiento y yo no defiendo lo que tenemos y arreglo las cosas para que est\u00e9n mejor, \u00bfde qu\u00e9 sirvi\u00f3 tu inversi\u00f3n?\u201d y pidi\u00f3 a la dirigencia pol\u00edtica que mire m\u00e1s all\u00e1 de la ideolog\u00eda: \u201cAlgunos planteos son solamente ideol\u00f3gicos y no son reales, porque la pol\u00edtica ha cambiado mucho. Hay una demanda de la poblaci\u00f3n que exige una respuesta distinta de la pol\u00edtica\u201d, indic\u00f3.<\/p>\n\n\n\n<p><strong>Fuente: www.laopinionaustral.com.ar<\/strong><\/p>\n","protected":false},"excerpt":{"rendered":"<p>\u201cLa gente no puede resolver esto sola\u201d, afirm\u00f3 el intendente de R\u00edo Gallegos,\u00a0Pablo Grasso, al visitar el estudio de \u201cLa Ma\u00f1ana de LU12\u201c, donde analiz\u00f3 el impacto de la recesi\u00f3n en la poblaci\u00f3n y los sectores productivos. Destac\u00f3, adem\u00e1s, la necesidad de que el Estado implemente medidas activas para aliviar la carga econ\u00f3mica sobre los [&hellip;]<\/p>\n","protected":false},"author":5,"featured_media":5075,"comment_status":"open","ping_status":"open","sticky":false,"template":"","format":"standard","meta":[],"categories":[8],"tags":[],"_links":{"self":[{"href":"https:\/\/politicapatagonica.com\/index.php\/wp-json\/wp\/v2\/posts\/5074"}],"collection":[{"href":"https:\/\/politicapatagonica.com\/index.php\/wp-json\/wp\/v2\/posts"}],"about":[{"href":"https:\/\/politicapatagonica.com\/index.php\/wp-json\/wp\/v2\/types\/post"}],"author":[{"embeddable":true,"href":"https:\/\/politicapatagonica.com\/index.php\/wp-json\/wp\/v2\/users\/5"}],"replies":[{"embeddable":true,"href":"https:\/\/politicapatagonica.com\/index.php\/wp-json\/wp\/v2\/comments?post=5074"}],"version-history":[{"count":4,"href":"https:\/\/politicapatagonica.com\/index.php\/wp-json\/wp\/v2\/posts\/5074\/revisions"}],"predecessor-version":[{"id":5094,"href":"https:\/\/politicapatagonica.com\/index.php\/wp-json\/wp\/v2\/posts\/5074\/revisions\/5094"}],"wp:featuredmedia":[{"embeddable":true,"href":"https:\/\/politicapatagonica.com\/index.php\/wp-json\/wp\/v2\/media\/5075"}],"wp:attachment":[{"href":"https:\/\/politicapatagonica.com\/index.php\/wp-json\/wp\/v2\/media?parent=5074"}],"wp:term":[{"taxonomy":"category","embeddable":true,"href":"https:\/\/politicapatagonica.com\/index.php\/wp-json\/wp\/v2\/categories?post=5074"},{"taxonomy":"post_tag","embeddable":true,"href":"https:\/\/politicapatagonica.com\/index.php\/wp-json\/wp\/v2\/tags?post=5074"}],"curies":[{"name":"wp","href":"https:\/\/api.w.org\/{rel}","templated":true}]}}