{"id":5071,"date":"2024-11-01T22:53:28","date_gmt":"2024-11-01T22:53:28","guid":{"rendered":"https:\/\/politicapatagonica.com\/?p=5071"},"modified":"2024-11-05T18:57:52","modified_gmt":"2024-11-05T18:57:52","slug":"historico-primera-sesion-ordinaria-fuera-del-recinto-en-la-pampa","status":"publish","type":"post","link":"https:\/\/politicapatagonica.com\/index.php\/2024\/11\/01\/historico-primera-sesion-ordinaria-fuera-del-recinto-en-la-pampa\/","title":{"rendered":"Hist\u00f3rico: se realiz\u00f3 la primera sesi\u00f3n ordinaria fuera del recinto en La Pampa"},"content":{"rendered":"\n<p><strong>Un paraje ubicado unos 35 kil\u00f3metros al este de la zona urbana 25 de Mayo -donde funciona una delegaci\u00f3n municipal, una posta sanitaria, un destacamento policial y espacios educativos- se convirti\u00f3, por primera vez en La Pampa, en recinto para que sesionara el Concejo Deliberante.<\/strong><\/p>\n\n\n\n<p>Todos los componentes del Concejo Deliberante, encabezados por la viceintendenta y presidenta del cuerpo, <strong>Marina \u00c1lvarez<\/strong>, viajaron a <strong>Colonia Chica<\/strong> donde fueron recibidos por el delegado comunal,<strong> Lucas Navarro.\u00a0\u00a0<\/strong>All\u00ed, por primera vez, dieron cumplimiento a una ordenanza proyectada por el anterior titular,<strong> Luis Oga<\/strong> (hoy director municipal de Turismo), que prev\u00e9 que al menos dos sesiones por a\u00f1o se realicen en ese lugar.<\/p>\n\n\n\n<p>Cuando Marina \u00c1lvarez abri\u00f3 la sesi\u00f3n, el delegado Navarro hizo uso de la banca del vecino.\u00a0Tras darles la bienvenida, expres\u00f3 que\u00a0<strong>\u201ces un logro muy importante que nos dar\u00e1, a toda esta comunidad,\u00a0la oportunidad de visibilizar reclamos, problem\u00e1ticas e\u00a0\u00a0inquietudes\u201d.<\/strong><\/p>\n\n\n\n<p>El anterior presidente del Concejo, Luis Oga, quien es el autor de este proyecto que se convirti\u00f3 en ordenanza el a\u00f1o pasado, cont\u00f3 que \u201cestoy muy contento y orgulloso de que Marina haya podido concretarlo; esta es\u00a0tierra donde mi familia fueron primeros pobladores\u201d.<\/p>\n\n\n\n<p><strong>La norma proyectada por Oga se\u00f1alaba como objetivo \u201cla necesidad de acercar el departamento legislativo a la ciudadan\u00eda y al territorio del amplio ejido municipal\u201d. La norma establec\u00eda que al menos dos veces en el a\u00f1o Colonia Chica albergara sesiones ordinarias y tambi\u00e9n trabajos de comisiones.<\/strong><\/p>\n\n\n\n<p>\u201c<strong>Es algo hist\u00f3rico, es el primer pueblo en la provincia de La Pampa que descentraliz\u00f3 las actividades del Concejo a una delegaci\u00f3n municipal<\/strong>. El poder ejecutivo ya tiene presencia, faltaba el deliberativo. Veo como una gran herramienta\u00a0<strong>la \u2018voz del pueblo\u2019<\/strong>, porque de los planteos de la gente nacen muchas ordenanzas\u201d, concluy\u00f3 Luis Oga.<\/p>\n\n\n\n<p><strong>Fuente: www.laarena.com.ar<\/strong><\/p>\n","protected":false},"excerpt":{"rendered":"<p>Un paraje ubicado unos 35 kil\u00f3metros al este de la zona urbana 25 de Mayo -donde funciona una delegaci\u00f3n municipal, una posta sanitaria, un destacamento policial y espacios educativos- se convirti\u00f3, por primera vez en La Pampa, en recinto para que sesionara el Concejo Deliberante. Todos los componentes del Concejo Deliberante, encabezados por la viceintendenta [&hellip;]<\/p>\n","protected":false},"author":5,"featured_media":5072,"comment_status":"open","ping_status":"open","sticky":false,"template":"","format":"standard","meta":[],"categories":[10],"tags":[],"_links":{"self":[{"href":"https:\/\/politicapatagonica.com\/index.php\/wp-json\/wp\/v2\/posts\/5071"}],"collection":[{"href":"https:\/\/politicapatagonica.com\/index.php\/wp-json\/wp\/v2\/posts"}],"about":[{"href":"https:\/\/politicapatagonica.com\/index.php\/wp-json\/wp\/v2\/types\/post"}],"author":[{"embeddable":true,"href":"https:\/\/politicapatagonica.com\/index.php\/wp-json\/wp\/v2\/users\/5"}],"replies":[{"embeddable":true,"href":"https:\/\/politicapatagonica.com\/index.php\/wp-json\/wp\/v2\/comments?post=5071"}],"version-history":[{"count":3,"href":"https:\/\/politicapatagonica.com\/index.php\/wp-json\/wp\/v2\/posts\/5071\/revisions"}],"predecessor-version":[{"id":5090,"href":"https:\/\/politicapatagonica.com\/index.php\/wp-json\/wp\/v2\/posts\/5071\/revisions\/5090"}],"wp:featuredmedia":[{"embeddable":true,"href":"https:\/\/politicapatagonica.com\/index.php\/wp-json\/wp\/v2\/media\/5072"}],"wp:attachment":[{"href":"https:\/\/politicapatagonica.com\/index.php\/wp-json\/wp\/v2\/media?parent=5071"}],"wp:term":[{"taxonomy":"category","embeddable":true,"href":"https:\/\/politicapatagonica.com\/index.php\/wp-json\/wp\/v2\/categories?post=5071"},{"taxonomy":"post_tag","embeddable":true,"href":"https:\/\/politicapatagonica.com\/index.php\/wp-json\/wp\/v2\/tags?post=5071"}],"curies":[{"name":"wp","href":"https:\/\/api.w.org\/{rel}","templated":true}]}}