{"id":5068,"date":"2024-11-01T22:35:24","date_gmt":"2024-11-01T22:35:24","guid":{"rendered":"https:\/\/politicapatagonica.com\/?p=5068"},"modified":"2024-11-05T18:48:41","modified_gmt":"2024-11-05T18:48:41","slug":"chubut-articula-para-fomentar-la-industria-del-turismo-con-armenia","status":"publish","type":"post","link":"https:\/\/politicapatagonica.com\/index.php\/2024\/11\/01\/chubut-articula-para-fomentar-la-industria-del-turismo-con-armenia\/","title":{"rendered":"La provincia de Chubut articula con Armenia para fomentar la industria del turismo"},"content":{"rendered":"\n<p><strong>El gobernador Ignacio Torres&nbsp;se reuni\u00f3 este viernes en la Residencia Oficial con el embajador de Armenia en Argentina, Hovhann\u00e9s Virabyan, y con el ministro de Turismo, Diego Lapenna,<\/strong> en el marco de las distintas acciones que lleva adelante la gesti\u00f3n para la promoci\u00f3n del desarrollo tur\u00edstico y la llegada de nuevas inversiones al territorio provincial.&nbsp;<\/p>\n\n\n\n<p>El representante plenipotenciario del gobierno armenio tambi\u00e9n particip\u00f3 de distintas actividades durante su visita, entre ellas el tradicional avistaje de ballenas en Puerto Pir\u00e1mides, una recorrida por el Museo Egidio Feruglio (MEF) de Trelew, y una charla llevada a cabo en las instalaciones de la C\u00e1mara de Industria y Comercio del Este del Chubut (CICECh) con referentes del sector privado. Asimismo, <strong>Virabyan fue declarado Hu\u00e9sped de Honor por parte del Gobierno de Chubut, en la que fue su primera visita a la provincia.<\/strong><\/p>\n\n\n\n<p>Al respecto, Torres puso en valor que<strong> &#8220;la visita del embajador Virabyan nos llena de orgullo porque pone en valor la fuerte presencia de nuestra provincia en los mercados tur\u00edsticos internacionales<\/strong>, como as\u00ed tambi\u00e9n la potencialidad de nuevas inversiones en materia tur\u00edstica, a partir de la ley que impulsamos en beneficio de uno de los principales sectores de nuestra econom\u00eda&#8221;.<\/p>\n\n\n\n<p>En el mismo sentido,<strong> el titular del Ejecutivo provincial sostuvo que se trat\u00f3 de la primera visita del Embajador de Armenia a Chubut, quien &#8220;se mostr\u00f3 sorprendido por las virtudes naturales y tur\u00edsticas locales&#8221; <\/strong>y explic\u00f3 que la visita se enmarc\u00f3 &#8220;en un primer contacto de intenciones de hermanar su pa\u00eds con nuestra provincia\u201d, agregando que este acercamiento \u201csin lugar a dudas va a ser la piedra angular de nuevos proyectos y oportunidades para ambas partes&#8221;.<\/p>\n\n\n\n<p>Durante los primeros d\u00edas del mes de diciembre, l<strong>a Agencia Chubut Turismo participar\u00e1 de un evento con privados locales y operadoras de Armenia en Buenos Aires: &#8220;Ser\u00e1 una excelente oportunidad para los referentes de turismo de dicho pa\u00eds que hoy mira a Chubut como un potencial mercado, puedan acercarse a nuestra provincia y conocer en profundidad la ley de Promoci\u00f3n de las Inversiones Tur\u00edsticas<\/strong>, y que sepan que est\u00e1n abiertas las puertas para eventuales proyectos que puedan sumar un nuevo destino para los armenios, y m\u00e1s empleo, crecimiento y desarrollo para Chubut&#8221;, expres\u00f3 Torres.<\/p>\n\n\n\n<p><strong>Fuente: www.elchubut.com.ar<\/strong><\/p>\n","protected":false},"excerpt":{"rendered":"<p>El gobernador Ignacio Torres&nbsp;se reuni\u00f3 este viernes en la Residencia Oficial con el embajador de Armenia en Argentina, Hovhann\u00e9s Virabyan, y con el ministro de Turismo, Diego Lapenna, en el marco de las distintas acciones que lleva adelante la gesti\u00f3n para la promoci\u00f3n del desarrollo tur\u00edstico y la llegada de nuevas inversiones al territorio provincial.&nbsp; [&hellip;]<\/p>\n","protected":false},"author":5,"featured_media":5069,"comment_status":"open","ping_status":"open","sticky":false,"template":"","format":"standard","meta":[],"categories":[14],"tags":[],"_links":{"self":[{"href":"https:\/\/politicapatagonica.com\/index.php\/wp-json\/wp\/v2\/posts\/5068"}],"collection":[{"href":"https:\/\/politicapatagonica.com\/index.php\/wp-json\/wp\/v2\/posts"}],"about":[{"href":"https:\/\/politicapatagonica.com\/index.php\/wp-json\/wp\/v2\/types\/post"}],"author":[{"embeddable":true,"href":"https:\/\/politicapatagonica.com\/index.php\/wp-json\/wp\/v2\/users\/5"}],"replies":[{"embeddable":true,"href":"https:\/\/politicapatagonica.com\/index.php\/wp-json\/wp\/v2\/comments?post=5068"}],"version-history":[{"count":2,"href":"https:\/\/politicapatagonica.com\/index.php\/wp-json\/wp\/v2\/posts\/5068\/revisions"}],"predecessor-version":[{"id":5087,"href":"https:\/\/politicapatagonica.com\/index.php\/wp-json\/wp\/v2\/posts\/5068\/revisions\/5087"}],"wp:featuredmedia":[{"embeddable":true,"href":"https:\/\/politicapatagonica.com\/index.php\/wp-json\/wp\/v2\/media\/5069"}],"wp:attachment":[{"href":"https:\/\/politicapatagonica.com\/index.php\/wp-json\/wp\/v2\/media?parent=5068"}],"wp:term":[{"taxonomy":"category","embeddable":true,"href":"https:\/\/politicapatagonica.com\/index.php\/wp-json\/wp\/v2\/categories?post=5068"},{"taxonomy":"post_tag","embeddable":true,"href":"https:\/\/politicapatagonica.com\/index.php\/wp-json\/wp\/v2\/tags?post=5068"}],"curies":[{"name":"wp","href":"https:\/\/api.w.org\/{rel}","templated":true}]}}